{"id":250257,"date":"2022-08-29T16:47:18","date_gmt":"2022-08-29T13:47:18","guid":{"rendered":"http:\/\/107.6.182.27\/es\/?p=250257"},"modified":"2023-01-10T15:54:04","modified_gmt":"2023-01-10T13:54:04","slug":"las-fuerzas-ucranianas-bombardean-la-region-de-novaya-kakhovka","status":"publish","type":"post","link":"https:\/\/archive.sana.sy\/es\/?p=250257","title":{"rendered":"Las fuerzas ucranianas bombardean la regi\u00f3n de Novaya Kakhovka"},"content":{"rendered":"<p style=\"text-align: justify;\"><strong><span style=\"color: #800000;\">Mosc\u00fa, 29 ago (SANA)<\/span><\/strong> El jefe de la administraci\u00f3n militar-civil en la regi\u00f3n de Nova Kakhovka,, Vladymyr Leontiev, anunci\u00f3 que las fuerzas ucranianas lanzaron m\u00e1s de 10 ataques con misiles en la regi\u00f3n durante el d\u00eda, apuntando a barrios residenciales y una escuela.<\/p>\n<p style=\"text-align: justify;\">&#8220;Las fuerzas ucranianas bombardearon la planta hidroel\u00e9ctrica, el puente Kakhovka y los edificios administrativos adyacentes&#8221;, dijo Leontiev a la agencia de noticias rusa Sputnik, y agreg\u00f3 que varios lugares fueron evacuados.<\/p>\n<p style=\"text-align: justify;\">Anteriormente, 9 personas resultaron heridas hoy como resultado del bombardeo de la ciudad de Energodar en la regi\u00f3n de Zaporozhye por parte de las fuerzas ucranianas.<\/p>\n<p>&nbsp;<\/p>\n<p>mm<\/p>\n","protected":false},"excerpt":{"rendered":"<p>Mosc\u00fa, 29 ago (SANA) El jefe de la administraci\u00f3n militar-civil en la regi\u00f3n de Nova Kakhovka,, Vladymyr Leontiev, anunci\u00f3 que las fuerzas ucranianas lanzaron m\u00e1s de 10 ataques con misiles en la regi\u00f3n durante el d\u00eda, apuntando a barrios residenciales y una escuela. &#8220;Las fuerzas ucranianas bombardearon la planta hidroel\u00e9ctrica, el puente Kakhovka y los &hellip;<\/p>\n","protected":false},"author":36,"featured_media":250258,"comment_status":"closed","ping_status":"closed","sticky":false,"template":"","format":"standard","meta":{"footnotes":""},"categories":[597,456,20724,457],"tags":[],"class_list":["post-250257","post","type-post","status-publish","format-standard","has-post-thumbnail","","category-cinta-de-noticias","category-arabe-internacional-politica","category-minuto-a-minuto","category-noticias-arabe-internacional-politica"],"_links":{"self":[{"href":"https:\/\/archive.sana.sy\/es\/index.php?rest_route=\/wp\/v2\/posts\/250257"}],"collection":[{"href":"https:\/\/archive.sana.sy\/es\/index.php?rest_route=\/wp\/v2\/posts"}],"about":[{"href":"https:\/\/archive.sana.sy\/es\/index.php?rest_route=\/wp\/v2\/types\/post"}],"author":[{"embeddable":true,"href":"https:\/\/archive.sana.sy\/es\/index.php?rest_route=\/wp\/v2\/users\/36"}],"replies":[{"embeddable":true,"href":"https:\/\/archive.sana.sy\/es\/index.php?rest_route=%2Fwp%2Fv2%2Fcomments&post=250257"}],"version-history":[{"count":0,"href":"https:\/\/archive.sana.sy\/es\/index.php?rest_route=\/wp\/v2\/posts\/250257\/revisions"}],"wp:featuredmedia":[{"embeddable":true,"href":"https:\/\/archive.sana.sy\/es\/index.php?rest_route=\/wp\/v2\/media\/250258"}],"wp:attachment":[{"href":"https:\/\/archive.sana.sy\/es\/index.php?rest_route=%2Fwp%2Fv2%2Fmedia&parent=250257"}],"wp:term":[{"taxonomy":"category","embeddable":true,"href":"https:\/\/archive.sana.sy\/es\/index.php?rest_route=%2Fwp%2Fv2%2Fcategories&post=250257"},{"taxonomy":"post_tag","embeddable":true,"href":"https:\/\/archive.sana.sy\/es\/index.php?rest_route=%2Fwp%2Fv2%2Ftags&post=250257"}],"curies":[{"name":"wp","href":"https:\/\/api.w.org\/{rel}","templated":true}]}}