{"id":250260,"date":"2022-08-29T17:01:04","date_gmt":"2022-08-29T14:01:04","guid":{"rendered":"http:\/\/107.6.182.27\/es\/?p=250260"},"modified":"2023-01-10T15:54:04","modified_gmt":"2023-01-10T13:54:04","slug":"putin-un-nuevo-orden-mundial-reemplaza-al-obsoleto-modelo-unipolar","status":"publish","type":"post","link":"https:\/\/archive.sana.sy\/es\/?p=250260","title":{"rendered":"Putin: Un nuevo orden mundial reemplaza al obsoleto modelo unipolar"},"content":{"rendered":"<p style=\"text-align: justify;\"><span style=\"color: #800000;\"><strong>Mosc\u00fa, 29 ago (SANA)<\/strong><\/span> El presidente de Rusia, Vlad\u00edmir Putin, dijo hoy durante el Foro Econ\u00f3mico Oriental, que &#8220;el obsoleto modelo unipolar est\u00e1 siendo reemplazado por un nuevo orden mundial basado en los principios fundamentales de justicia e igualdad, en el reconocimiento del derecho de cada Estado y naci\u00f3n a seguir su propio camino soberano de desarrollo&#8221;.<\/p>\n<p style=\"text-align: justify;\">Agreg\u00f3 que &#8220;en la regi\u00f3n de Asia-Pac\u00edfico se est\u00e1n formando poderosos centros pol\u00edticos y econ\u00f3micos que impulsan este proceso &#8220;irreversible&#8221;.<\/p>\n<p style=\"text-align: justify;\">Citado por RT, el mandatario ruso destac\u00f3 tambi\u00e9n &#8220;c\u00f3mo la cooperaci\u00f3n bilateral directa entre los Estados de Asia-Pac\u00edfico est\u00e1 creciendo y cobrando fuerza, as\u00ed como su cooperaci\u00f3n en el marco de las asociaciones tan influyentes como la Comunidad Econ\u00f3mica Euroasi\u00e1tica, la Organizaci\u00f3n de Cooperaci\u00f3n de Shangh\u00e1i (OCS), los BRICS, la APEC y la ASEAN&#8221;.<\/p>\n<p>fm\/mm<\/p>\n<p>&nbsp;<\/p>\n","protected":false},"excerpt":{"rendered":"<p>Mosc\u00fa, 29 ago (SANA) El presidente de Rusia, Vlad\u00edmir Putin, dijo hoy durante el Foro Econ\u00f3mico Oriental, que &#8220;el obsoleto modelo unipolar est\u00e1 siendo reemplazado por un nuevo orden mundial basado en los principios fundamentales de justicia e igualdad, en el reconocimiento del derecho de cada Estado y naci\u00f3n a seguir su propio camino soberano &hellip;<\/p>\n","protected":false},"author":36,"featured_media":250261,"comment_status":"closed","ping_status":"closed","sticky":false,"template":"","format":"standard","meta":{"footnotes":""},"categories":[597,456,20724,457,7541],"tags":[],"class_list":["post-250260","post","type-post","status-publish","format-standard","has-post-thumbnail","","category-cinta-de-noticias","category-arabe-internacional-politica","category-minuto-a-minuto","category-noticias-arabe-internacional-politica","category-ultimas-noticias"],"_links":{"self":[{"href":"https:\/\/archive.sana.sy\/es\/index.php?rest_route=\/wp\/v2\/posts\/250260"}],"collection":[{"href":"https:\/\/archive.sana.sy\/es\/index.php?rest_route=\/wp\/v2\/posts"}],"about":[{"href":"https:\/\/archive.sana.sy\/es\/index.php?rest_route=\/wp\/v2\/types\/post"}],"author":[{"embeddable":true,"href":"https:\/\/archive.sana.sy\/es\/index.php?rest_route=\/wp\/v2\/users\/36"}],"replies":[{"embeddable":true,"href":"https:\/\/archive.sana.sy\/es\/index.php?rest_route=%2Fwp%2Fv2%2Fcomments&post=250260"}],"version-history":[{"count":0,"href":"https:\/\/archive.sana.sy\/es\/index.php?rest_route=\/wp\/v2\/posts\/250260\/revisions"}],"wp:featuredmedia":[{"embeddable":true,"href":"https:\/\/archive.sana.sy\/es\/index.php?rest_route=\/wp\/v2\/media\/250261"}],"wp:attachment":[{"href":"https:\/\/archive.sana.sy\/es\/index.php?rest_route=%2Fwp%2Fv2%2Fmedia&parent=250260"}],"wp:term":[{"taxonomy":"category","embeddable":true,"href":"https:\/\/archive.sana.sy\/es\/index.php?rest_route=%2Fwp%2Fv2%2Fcategories&post=250260"},{"taxonomy":"post_tag","embeddable":true,"href":"https:\/\/archive.sana.sy\/es\/index.php?rest_route=%2Fwp%2Fv2%2Ftags&post=250260"}],"curies":[{"name":"wp","href":"https:\/\/api.w.org\/{rel}","templated":true}]}}