{"id":25027,"date":"2015-06-14T13:05:39","date_gmt":"2015-06-14T10:05:39","guid":{"rendered":"http:\/\/sana.sy\/es\/?p=25027"},"modified":"2023-01-10T15:35:15","modified_gmt":"2023-01-10T13:35:15","slug":"principales-titulares-de-los-diarios-sirios-publicados-este-domingo-4","status":"publish","type":"post","link":"https:\/\/archive.sana.sy\/es\/?p=25027","title":{"rendered":"Principales titulares de los diarios sirios publicados este domingo:"},"content":{"rendered":"<div><span lang=\"ES-TRAD\">\u00a0<\/span><\/div>\n<div><span lang=\"ES-TRAD\">= <\/span><span lang=\"ES-TRAD\">Ministro de Reconciliaci\u00f3n Nacional visita la ciudad de Qusseir en Homs y transmite un mensaje a todos los lugare\u00f1os para que vuelvan a sus hogares.<\/span><\/div>\n<div><span lang=\"ES-TRAD\">\u00a0<\/span><\/div>\n<div><span lang=\"ES-TRAD\">= Cumpliendo las instrucciones del presidente al-Assad, la estatua de la Virgen y un conjunto de \u00edconos hist\u00f3ricos han sido devueltos al sus lugares en Malula.<\/span><\/div>\n<div><span lang=\"ES-TRAD\">\u00a0<\/span><\/div>\n<div><span lang=\"ES-TRAD\">= Vicecanciller sirio reafirma capacidad de Damasco de hacer frente a los ataques terroristas gracias al apoyo de sus amigos.<\/span><\/div>\n<div><span lang=\"ES-TRAD\">\u00a0<\/span><\/div>\n<div><span lang=\"ES-TRAD\">= El Foro Sirio-estadounidense condena en\u00e9rgicamente la brutal masacre de civiles cometida por los terroristas en el poblado de Qaleb Luza en Idleb.<\/span><\/div>\n<div><span lang=\"ES-TRAD\">\u00a0<\/span><\/div>\n<div><span lang=\"ES-TRAD\">= Inaugurada una exposici\u00f3n agr\u00edcola-veterinaria con la participaci\u00f3n de numerosos pa\u00edses extranjera.<\/span><\/div>\n<div><span lang=\"ES-TRAD\">\u00a0<\/span><\/div>\n<div><span lang=\"ES-TRAD\">= Terroristas del Estado Isl\u00e1mico y del Frente al-Nusra sufren cuantiosas bajas a manos del Ej\u00e9rcito sirio.<\/span><\/div>\n<div><span lang=\"ES-TRAD\">\u00a0<\/span><\/div>\n<div><span lang=\"ES-TRAD\">= Fuerzas Armadas lanzan operativos antiterroristas en varias provincias del pa\u00eds.<\/span><\/div>\n<div><span lang=\"ES-TRAD\">\u00a0<\/span><\/div>\n<div><span lang=\"ES-TRAD\">= Aviones de combate bombardean a concentraciones de terroristas y dejan muertos o heridos a varios de ellos en Hreitan y Khan al-Assal, en el campo de Alepo.<\/span><\/div>\n<div><span lang=\"ES-TRAD\">\u00a0<\/span><\/div>\n<div><span lang=\"ES-TRAD\">= Unidades del ej\u00e9rcito atacan a posiciones del Frente al-Nusra y del EI en los campos norte y este de Homs.<\/span><\/div>\n<div><span lang=\"ES-TRAD\">\u00a0<\/span><\/div>\n<div><span lang=\"ES-TRAD\">= Cazas sirios eliminan a decenas de terroristas y les destruyen veh\u00edculos artillados en el pueblo de Um al-Walad en el campo este de la provincia de Deraa.<\/span><\/div>\n<div><span lang=\"ES-TRAD\">\u00a0<\/span><\/div>\n<div><span lang=\"ES-TRAD\">= 133 personas buscados se entregan a las autoridades competentes en Homs.<\/span><\/div>\n<div><span lang=\"ES-TRAD\">\u00a0<\/span><\/div>\n<div><span lang=\"ES-TRAD\">= Nuevos ataques a\u00e9reos de las fuerzas saud\u00edes se han cobrado la vida de cinco personas en la capital San\u00e1.<\/span><\/div>\n<div><span lang=\"ES-TRAD\">\u00a0<\/span><\/div>\n<div><span lang=\"ES-TRAD\">= El ej\u00e9rcito iraqu\u00ed y las tropas de Defensa Popular\u00a0retoman el control de la mayor parte de la ciudad de Samarra, en la provincia de Salah al-Din.<\/span><\/div>\n<div><span lang=\"ES-TRAD\">\u00a0<\/span><\/div>\n<div><span lang=\"ES-TRAD\">= El Centro Sirio de Consultas, Estudios y Derechos Humanos denuncia la horrible masacre contra los pobladores de la aldea de Kalb Alloz en el campo de Idleb.<\/span><\/div>\n<div><span lang=\"ES-TRAD\">\u00a0<\/span><\/div>\n<div><span lang=\"ES-TRAD\">= Diario turco revela que el grupo extremista \u201cJuventud Musulmana de Anatolia\u201d instiga a los turcos para combatir en Siria.<\/span><\/div>\n<div><span lang=\"ES-TRAD\">\u00a0<\/span><\/div>\n<div><span lang=\"ES-TRAD\">= Siria exige medidas serias contra los patrocinadores del terrorismo.<\/span><\/div>\n<div><span lang=\"ES-TRAD\">\u00a0<\/span><\/div>\n<div><span lang=\"ES-TRAD\">= Fuerzas yemen\u00edes atacan posiciones de Al-Qaeda en Yemen.<\/span><\/div>\n<div><span lang=\"ES-TRAD\">\u00a0<\/span><\/div>\n<div><span lang=\"ES-TRAD\">= Presidente iran\u00ed asegura que las naciones del mundo deben unirse para luchar contra el terrorismo.<\/span><\/div>\n<div><span lang=\"ES-TRAD\">\u00a0<\/span><\/div>\n<div><span lang=\"ES-TRAD\">= Las autoridades de ocupaci\u00f3n israel\u00edes ingresan a dos terroristas heridos en Siria en sus hospitales.<\/span><\/div>\n<div><span lang=\"ES-TRAD\">\u00a0<\/span><\/div>\n<div><span lang=\"ES-TRAD\">= Declaraci\u00f3n final del Santo S\u00ednodo de la Iglesia Ortodoxa Siria lamenta el silencio mundial hacia el terrorismo en Siria e Irak.<\/span><\/div>\n<div class=\"yj6qo ajU\">\n<div id=\":vh\" class=\"ajR\"><img decoding=\"async\" class=\"ajT\" src=\"https:\/\/ssl.gstatic.com\/ui\/v1\/icons\/mail\/images\/cleardot.gif\" alt=\"\" \/><\/div>\n<\/div>\n","protected":false},"excerpt":{"rendered":"<p>\u00a0 = Ministro de Reconciliaci\u00f3n Nacional visita la ciudad de Qusseir en Homs y transmite un mensaje a todos los lugare\u00f1os para que vuelvan a sus hogares. \u00a0 = Cumpliendo las instrucciones del presidente al-Assad, la estatua de la Virgen y un conjunto de \u00edconos hist\u00f3ricos han sido devueltos al sus lugares en Malula. \u00a0 &hellip;<\/p>\n","protected":false},"author":1,"featured_media":3280,"comment_status":"closed","ping_status":"closed","sticky":false,"template":"","format":"standard","meta":{"footnotes":""},"categories":[447,555],"tags":[2354],"class_list":["post-25027","post","type-post","status-publish","format-standard","has-post-thumbnail","","category-local-politica","category-prensa","tag-principales-titulares-de-los-diarios-sirios-publicados-este-domingo"],"_links":{"self":[{"href":"https:\/\/archive.sana.sy\/es\/index.php?rest_route=\/wp\/v2\/posts\/25027"}],"collection":[{"href":"https:\/\/archive.sana.sy\/es\/index.php?rest_route=\/wp\/v2\/posts"}],"about":[{"href":"https:\/\/archive.sana.sy\/es\/index.php?rest_route=\/wp\/v2\/types\/post"}],"author":[{"embeddable":true,"href":"https:\/\/archive.sana.sy\/es\/index.php?rest_route=\/wp\/v2\/users\/1"}],"replies":[{"embeddable":true,"href":"https:\/\/archive.sana.sy\/es\/index.php?rest_route=%2Fwp%2Fv2%2Fcomments&post=25027"}],"version-history":[{"count":0,"href":"https:\/\/archive.sana.sy\/es\/index.php?rest_route=\/wp\/v2\/posts\/25027\/revisions"}],"wp:featuredmedia":[{"embeddable":true,"href":"https:\/\/archive.sana.sy\/es\/index.php?rest_route=\/wp\/v2\/media\/3280"}],"wp:attachment":[{"href":"https:\/\/archive.sana.sy\/es\/index.php?rest_route=%2Fwp%2Fv2%2Fmedia&parent=25027"}],"wp:term":[{"taxonomy":"category","embeddable":true,"href":"https:\/\/archive.sana.sy\/es\/index.php?rest_route=%2Fwp%2Fv2%2Fcategories&post=25027"},{"taxonomy":"post_tag","embeddable":true,"href":"https:\/\/archive.sana.sy\/es\/index.php?rest_route=%2Fwp%2Fv2%2Ftags&post=25027"}],"curies":[{"name":"wp","href":"https:\/\/api.w.org\/{rel}","templated":true}]}}