{"id":250315,"date":"2022-08-29T16:15:02","date_gmt":"2022-08-29T13:15:02","guid":{"rendered":"http:\/\/107.6.182.27\/es\/?p=250315"},"modified":"2023-01-10T15:54:05","modified_gmt":"2023-01-10T13:54:05","slug":"ofensiva-de-las-fuerzas-ucranianas-en-jerson-y-nikolayev-duro-apenas-unas-horas-y-termino-en-gran-fracaso","status":"publish","type":"post","link":"https:\/\/archive.sana.sy\/es\/?p=250315","title":{"rendered":"Ofensiva de las fuerzas ucranianas en Jers\u00f3n y Nikol\u00e1yev dur\u00f3 apenas unas horas y termin\u00f3 en gran fracaso"},"content":{"rendered":"<blockquote>\n<p style=\"text-align: justify;\"><span style=\"color: #000000;\"><strong>En el curso de los combates, las bajas del enemigo en personal ascendieron a m\u00e1s de 560 efectivos, mientras fueron destruidos 26 tanques ucranianos, 23 veh\u00edculos de combate de infanter\u00eda y otros nueve veh\u00edculos de combate blindados, adem\u00e1s del derribo de dos aviones de ataque Su-25.<\/strong><\/span><\/p>\n<\/blockquote>\n<p style=\"text-align: justify;\"><span style=\"color: #800000;\"><strong>Mosc\u00fa, 29 ago (SANA)<\/strong><\/span>\u00a0 \u00a0Las Fuerzas Armadas de Ucrania emprendieron hoy una ofensiva en dos regiones del sur, pero sufrieron bajas significativas al ser contrarrestada por las tropas rusas, comunic\u00f3 el Ministerio de Defensa de Rusia, citado por RT.<\/p>\n<p style=\"text-align: justify;\">&#8220;Las tropas ucranianas intentaron una ofensiva en tres direcciones en las regiones de Nikol\u00e1yev y Jers\u00f3n. Como resultado de la defensa activa de una agrupaci\u00f3n de tropas rusas, las unidades de las Fueras Armadas de Ucrania sufrieron grandes p\u00e9rdidas&#8221;, rez\u00f3 el comunicado.<\/p>\n<p style=\"text-align: justify;\">En el curso de los combates fueron destruidos 26 tanques ucranianos, 23 veh\u00edculos de combate de infanter\u00eda y otros nueve veh\u00edculos de combate blindados, adem\u00e1s del derribo de dos aviones de ataque Su-25.<\/p>\n<p style=\"text-align: justify;\">&#8220;Las bajas del enemigo en personal ascendieron a m\u00e1s de 560 efectivos&#8221;, detall\u00f3 la cartera de Defensa.<\/p>\n<p style=\"text-align: justify;\">fm\/rr<\/p>\n","protected":false},"excerpt":{"rendered":"<p>En el curso de los combates, las bajas del enemigo en personal ascendieron a m\u00e1s de 560 efectivos, mientras fueron destruidos 26 tanques ucranianos, 23 veh\u00edculos de combate de infanter\u00eda y otros nueve veh\u00edculos de combate blindados, adem\u00e1s del derribo de dos aviones de ataque Su-25. Mosc\u00fa, 29 ago (SANA)\u00a0 \u00a0Las Fuerzas Armadas de Ucrania &hellip;<\/p>\n","protected":false},"author":31,"featured_media":250316,"comment_status":"closed","ping_status":"closed","sticky":false,"template":"","format":"standard","meta":{"footnotes":""},"categories":[456,7541],"tags":[],"class_list":["post-250315","post","type-post","status-publish","format-standard","has-post-thumbnail","","category-arabe-internacional-politica","category-ultimas-noticias"],"_links":{"self":[{"href":"https:\/\/archive.sana.sy\/es\/index.php?rest_route=\/wp\/v2\/posts\/250315"}],"collection":[{"href":"https:\/\/archive.sana.sy\/es\/index.php?rest_route=\/wp\/v2\/posts"}],"about":[{"href":"https:\/\/archive.sana.sy\/es\/index.php?rest_route=\/wp\/v2\/types\/post"}],"author":[{"embeddable":true,"href":"https:\/\/archive.sana.sy\/es\/index.php?rest_route=\/wp\/v2\/users\/31"}],"replies":[{"embeddable":true,"href":"https:\/\/archive.sana.sy\/es\/index.php?rest_route=%2Fwp%2Fv2%2Fcomments&post=250315"}],"version-history":[{"count":0,"href":"https:\/\/archive.sana.sy\/es\/index.php?rest_route=\/wp\/v2\/posts\/250315\/revisions"}],"wp:featuredmedia":[{"embeddable":true,"href":"https:\/\/archive.sana.sy\/es\/index.php?rest_route=\/wp\/v2\/media\/250316"}],"wp:attachment":[{"href":"https:\/\/archive.sana.sy\/es\/index.php?rest_route=%2Fwp%2Fv2%2Fmedia&parent=250315"}],"wp:term":[{"taxonomy":"category","embeddable":true,"href":"https:\/\/archive.sana.sy\/es\/index.php?rest_route=%2Fwp%2Fv2%2Fcategories&post=250315"},{"taxonomy":"post_tag","embeddable":true,"href":"https:\/\/archive.sana.sy\/es\/index.php?rest_route=%2Fwp%2Fv2%2Ftags&post=250315"}],"curies":[{"name":"wp","href":"https:\/\/api.w.org\/{rel}","templated":true}]}}