{"id":250344,"date":"2022-08-30T09:46:08","date_gmt":"2022-08-30T06:46:08","guid":{"rendered":"http:\/\/107.6.182.27\/es\/?p=250344"},"modified":"2023-01-10T15:54:02","modified_gmt":"2023-01-10T13:54:02","slug":"los-puntos-calientes-de-la-agenda-entre-colombia-y-venezuela","status":"publish","type":"post","link":"https:\/\/archive.sana.sy\/es\/?p=250344","title":{"rendered":"Los puntos calientes de la agenda entre Colombia y Venezuela"},"content":{"rendered":"<blockquote>\n<p style=\"text-align: justify;\"><span style=\"color: #ff0000;\"><strong>&#8220;Somos hermanos&#8221;&#8230; A pesar del dif\u00edcil camino que deben superar, los nuevos representantes diplom\u00e1ticos de cada pa\u00eds coinciden en que Colombia y Venezuela son pa\u00edses &#8220;hermanos&#8221;, que comparten sus culturas, tradiciones y lazos que incluso llegan hasta las familias.<\/strong><\/span><\/p>\n<\/blockquote>\n<p style=\"text-align: justify;\"><span style=\"color: #800000;\"><strong>Damasco, 30 ago (SANA)<\/strong><\/span>\u00a0 Los gobiernos de Colombia y Venezuela han dado un paso m\u00e1s hacia el reinicio y normalizaci\u00f3n de las relaciones diplom\u00e1ticas, que se mantuvieron rotas durante toda la administraci\u00f3n del exmandantario Iv\u00e1n Duque, tiempo que dej\u00f3 una dif\u00edcil brecha que ambos pa\u00edses plantean reconstruir.<\/p>\n<p style=\"text-align: justify;\">El paso fundamental para abonar el camino ha sido la llegada de los embajadores designados por Caracas y Bogot\u00e1 para las delegaciones diplom\u00e1ticas. Cada uno de ellos sostendr\u00e1 encuentros con los presidentes Gustavo Petro y Nicol\u00e1s Maduro, para presentar sus cartas credenciales.<\/p>\n<p style=\"text-align: justify;\">La misi\u00f3n es abrir un nuevo cap\u00edtulo que busca ir m\u00e1s all\u00e1 del entendimiento. El rescate de la amistad y la hermandad entre dos pa\u00edses bolivarianos, la paz fronteriza y el trabajo conjunto para resolver las dificultades sociales, tambi\u00e9n forman parte de la agenda binacional.<\/p>\n<p style=\"text-align: justify;\">Sin embargo, entre los temas por resolver est\u00e1 la pol\u00e9mica la situaci\u00f3n con la empresa Mon\u00f3meros, con sede en la ciudad colombiana de Barranquilla y que pertenece al Estado venezolano como filial de la Petroqu\u00edmica de Venezuela (Pequiven). La compa\u00f1\u00eda estrat\u00e9gica, enfocada en fertilizantes y agroqu\u00edmicos, estuvo tomada por a\u00f1os por el grupo vinculado al exdiputado Juan Guaid\u00f3, luego de que este se autoproclamara como &#8220;presidente interino&#8221;.<\/p>\n<p style=\"text-align: justify;\"><strong>\u00bfCu\u00e1les son los temas pendientes?<\/strong><\/p>\n<p style=\"text-align: justify;\">Adem\u00e1s de la agenda diplom\u00e1tica, que ya va encaminada hacia la normalizaci\u00f3n, ambos gobiernos tienen pleno inter\u00e9s en trabajar sobre temas prioritarios como el comercio binacional y otros asuntos de mayor dificultad.<\/p>\n<p style=\"text-align: justify;\">Este escenario muestra una clara diferencia si se compara con las controvertidas relaciones que Caracas y Bogot\u00e1 sostuvieron durante las \u00faltimas dos d\u00e9cadas, y que estuvieron marcadas por pol\u00e9micos roces que casi detonan una guerra.<\/p>\n<p style=\"text-align: justify;\">En el \u00e1mbito diplom\u00e1tico hay cuestiones que parecieran ser irrelevantes, pero que influyen finalmente en la normalizaci\u00f3n de las relaciones: una de ellas es retomar el funcionamiento de las sedes diplom\u00e1ticas y consulares.<\/p>\n<p style=\"text-align: justify;\">Para Venezuela, con la llegada del embajador F\u00e9lix Plasencia a Bogot\u00e1, uno de sus primeros pasos ser\u00e1 rescatar la embajada y el consulado que estuvo usurpado y &#8220;vandalizado&#8221; durante a\u00f1os por el grupo de Guaid\u00f3, quien envi\u00f3 una misi\u00f3n diplom\u00e1tica paralela que cont\u00f3 con el reconocimiento del gobierno de Duque.<\/p>\n<p style=\"text-align: justify;\">\n&#8220;Los espacios de Venezuela en esta jurisdicci\u00f3n van a ser rescatados y desde all\u00ed vamos a trabajar para atender todo lo que sea necesario atender&#8221;, dijo Plasencia a su llegada a Bogot\u00e1 el domingo.<\/p>\n<p style=\"text-align: justify;\">En paralelo, el embajador colombiano en Caracas, Armando Benedetti, quien tambi\u00e9n lleg\u00f3 a la capital venezolana ese d\u00eda, se\u00f1al\u00f3 que una de las primeras cosas que har\u00e1 ser\u00e1 &#8220;pagar el agua, la luz y el tel\u00e9fono&#8221; de la embajada y los consulados, as\u00ed como hacer las reparaciones necesarias en las sedes.<\/p>\n<p style=\"text-align: justify;\"><strong>Zona Econ\u00f3mica Especial Binacional<\/strong><\/p>\n<p style=\"text-align: justify;\">Una vez se concrete la formalizaci\u00f3n de las misiones diplom\u00e1ticas con la presentaci\u00f3n de los embajadores ante los jefes de Estado, el pr\u00f3ximo paso ser\u00e1 avanzar en el tema comercial y la reapertura de la frontera en condiciones de total normalidad, legalidad y seguridad, lo que impactar\u00eda, seg\u00fan explic\u00f3 Benedetti, a ocho millones de personas solo del lado colombiano.<\/p>\n<p style=\"text-align: justify;\">En este punto entra la propuesta que recientemente realiz\u00f3 el presidente Maduro a su hom\u00f3logo colombiano, de establecer una Zona Econ\u00f3mica Especial Binacional, que podr\u00eda iniciar con una fase de prueba en la regi\u00f3n fronteriza del T\u00e1chira y el Norte de Santander, y si resulta exitosa se replicar\u00eda en otras regiones de la extensa frontera de m\u00e1s de 2.200 kil\u00f3metros, que incluyen los estados Zulia, Apure y Amazonas.<\/p>\n<p style=\"text-align: justify;\">Sobre esto, Benedetti adelant\u00f3 a su llegada a Caracas que est\u00e1n analizando esta propuesta. De llevarse a cabo, la zona econ\u00f3mica contar\u00eda con exenciones de impuestos y una legislaci\u00f3n especial que le permita al gobierno colombiano &#8220;invertir en obras que impacten en el desarrollo de la regi\u00f3n&#8221; y la integraci\u00f3n.<\/p>\n<p style=\"text-align: justify;\">M\u00e1s all\u00e1 del impacto que tendr\u00eda la integraci\u00f3n comercial entre ambos pa\u00edses para el resto de Suram\u00e9rica, este lunes Petro dio un paso m\u00e1s all\u00e1 y propuso a la Comunidad Andina (CAN) la incorporaci\u00f3n de Venezuela, Argentina y Chile al bloque. &#8220;Debemos ser m\u00e1s poderosos, juntar m\u00e1s voces&#8221;, dijo.<\/p>\n<p style=\"text-align: justify;\"><strong>Seguridad fronteriza<\/strong><\/p>\n<p style=\"text-align: justify;\">Uno de los temas m\u00e1s complejos es la seguridad fronteriza, ya que implica trazar acciones conjuntas para abordar la presencia de grupos armados irregulares, las bandas criminales dedicadas al narcotr\u00e1fico y la trata de personas, as\u00ed como el combate a un intrincado r\u00e9gimen de violencia, que incluye extorsiones, amenazas y sicariatos en los puntos calientes del \u00e1rea lim\u00edtrofe.<\/p>\n<p style=\"text-align: justify;\">La situaci\u00f3n, agravada en los \u00faltimos a\u00f1os por la falta de coordinaci\u00f3n entre las fuerzas de seguridad de ambos pa\u00edses, ha provocado que los grupos criminales aumenten su presencia y control en las comunidades fronterizas, al operar con mayor impunidad.<\/p>\n<p style=\"text-align: justify;\">Esa realidad en la din\u00e1mica fronteriza ha provocado graves violaciones a los Derechos Humanos, como el aumento de los desplazamientos forzados, las desapariciones de personas y la violencia letal, en su mayor\u00eda ejecutada contra liderazgos sociales, firmantes del proceso de paz y representantes de las comunidades ind\u00edgenas, campesinas y afro.<\/p>\n<p style=\"text-align: justify;\">En ese sentido, a inicios de agosto, el ministro de Defensa de Venezuela, Vladimir Padrino L\u00f3pez, inform\u00f3 que establecer\u00eda &#8220;contacto inmediato&#8221; con su hom\u00f3logo colombiano, Iv\u00e1n Vel\u00e1squez G\u00f3mez, para restablecer las relaciones militares y con ello comenzar a trabajar en estrategias conjuntas para el resguardo fronterizo.<\/p>\n<p style=\"text-align: justify;\"><strong>La pol\u00e9mica en Mon\u00f3meros<\/strong><\/p>\n<p style=\"text-align: justify;\">Otro asunto es resolver la pol\u00e9mica en torno al control de la empresa Mon\u00f3meros, que estuvo desde 2019 en manos de Guaid\u00f3. El Gobierno del presidente Nicol\u00e1s Maduro acusa al exdiputado opositor de realizar un robo y desfalco de sus recursos en esa compa\u00f1\u00eda.<\/p>\n<p style=\"text-align: justify;\">Venezuela ya ha comenzado a ejecutar las acciones necesarias para retomar la empresa, con el nombramiento de una nueva Junta Directiva.<\/p>\n<p style=\"text-align: justify;\">Sin embargo, el conflicto a\u00fan sigue sin solucionarse, porque a lo interno de Mon\u00f3meros contin\u00faa el grupo de Guaid\u00f3, que se niega a aceptar la designaci\u00f3n de la plantilla que nombr\u00f3 el gobierno venezolano.<\/p>\n<p style=\"text-align: justify;\">Petro ha reconocido que el asunto es espinoso y adelant\u00f3 que se deben revisar &#8220;las formas jur\u00eddicas&#8221; que tiene actualmente la compa\u00f1\u00eda, con el objetivo de estudiar el intrincado &#8220;sistema de sanciones&#8221; que impuso el gobierno de EE.UU. contra Caracas, &#8220;que a\u00fan est\u00e1 vigente&#8221;, y que permea a Mon\u00f3meros, por ser parte de la industria petrolera venezolana.<\/p>\n<p style=\"text-align: justify;\"><strong>&#8220;Somos hermanos&#8221;<\/strong><\/p>\n<p style=\"text-align: justify;\">A pesar del dif\u00edcil camino que deben superar, los nuevos representantes diplom\u00e1ticos de cada pa\u00eds coinciden en que Colombia y Venezuela son pa\u00edses &#8220;hermanos&#8221;, que comparten sus culturas, tradiciones y lazos que incluso llegan hasta las familias.<\/p>\n<p style=\"text-align: justify;\">Sobre esto, el canciller venezolano, Carlos Far\u00eda, destac\u00f3 el lunes, tras recibir las Copias de Estilo del embajador colombiano en Caracas, que la designaci\u00f3n de Benedetti est\u00e1 cimentada &#8220;con la esperanza&#8221; de &#8220;volver a levantar las banderas de la solidaridad, la paz y el entendimiento&#8221; entre ambos.<\/p>\n<p style=\"text-align: justify;\">&#8220;Las relaciones con Venezuela nunca han debido romperse, somos hermanos, una l\u00ednea imaginaria no nos puede separar, ni much\u00edsimo menos una pol\u00edtica p\u00fablica de Estado como sucedi\u00f3 con el expresidente Duque&#8221;, se\u00f1al\u00f3 previamente el embajador colombiano.<\/p>\n<p style=\"text-align: justify;\">Por su parte, Plasencia, al llegar a Bogot\u00e1, resalt\u00f3 que junto a Benedetti adelantan un trabajo coordinado &#8220;para hacer las cosas bien, para rescatar la tradici\u00f3n buena del contacto entre pueblos hermanos, entre pa\u00edses que son fundamentales para Am\u00e9rica Latina y el Caribe&#8221;.<\/p>\n<p style=\"text-align: justify;\"><strong>Fuente: RT<\/strong><\/p>\n","protected":false},"excerpt":{"rendered":"<p>&#8220;Somos hermanos&#8221;&#8230; A pesar del dif\u00edcil camino que deben superar, los nuevos representantes diplom\u00e1ticos de cada pa\u00eds coinciden en que Colombia y Venezuela son pa\u00edses &#8220;hermanos&#8221;, que comparten sus culturas, tradiciones y lazos que incluso llegan hasta las familias. Damasco, 30 ago (SANA)\u00a0 Los gobiernos de Colombia y Venezuela han dado un paso m\u00e1s hacia &hellip;<\/p>\n","protected":false},"author":35,"featured_media":250345,"comment_status":"closed","ping_status":"closed","sticky":false,"template":"","format":"standard","meta":{"footnotes":""},"categories":[16929,597,456,457,583],"tags":[],"class_list":["post-250344","post","type-post","status-publish","format-standard","has-post-thumbnail","","category-articulos-de-opinion","category-cinta-de-noticias","category-arabe-internacional-politica","category-noticias-arabe-internacional-politica","category-slide"],"_links":{"self":[{"href":"https:\/\/archive.sana.sy\/es\/index.php?rest_route=\/wp\/v2\/posts\/250344"}],"collection":[{"href":"https:\/\/archive.sana.sy\/es\/index.php?rest_route=\/wp\/v2\/posts"}],"about":[{"href":"https:\/\/archive.sana.sy\/es\/index.php?rest_route=\/wp\/v2\/types\/post"}],"author":[{"embeddable":true,"href":"https:\/\/archive.sana.sy\/es\/index.php?rest_route=\/wp\/v2\/users\/35"}],"replies":[{"embeddable":true,"href":"https:\/\/archive.sana.sy\/es\/index.php?rest_route=%2Fwp%2Fv2%2Fcomments&post=250344"}],"version-history":[{"count":0,"href":"https:\/\/archive.sana.sy\/es\/index.php?rest_route=\/wp\/v2\/posts\/250344\/revisions"}],"wp:featuredmedia":[{"embeddable":true,"href":"https:\/\/archive.sana.sy\/es\/index.php?rest_route=\/wp\/v2\/media\/250345"}],"wp:attachment":[{"href":"https:\/\/archive.sana.sy\/es\/index.php?rest_route=%2Fwp%2Fv2%2Fmedia&parent=250344"}],"wp:term":[{"taxonomy":"category","embeddable":true,"href":"https:\/\/archive.sana.sy\/es\/index.php?rest_route=%2Fwp%2Fv2%2Fcategories&post=250344"},{"taxonomy":"post_tag","embeddable":true,"href":"https:\/\/archive.sana.sy\/es\/index.php?rest_route=%2Fwp%2Fv2%2Ftags&post=250344"}],"curies":[{"name":"wp","href":"https:\/\/api.w.org\/{rel}","templated":true}]}}