{"id":250482,"date":"2022-08-30T20:45:04","date_gmt":"2022-08-30T17:45:04","guid":{"rendered":"http:\/\/107.6.182.27\/es\/?p=250482"},"modified":"2022-08-30T20:47:37","modified_gmt":"2022-08-30T17:47:37","slug":"el-telescopio-james-webb-capta-el-lado-mas-hipnotico-de-la-galaxia-fantasma-fotos","status":"publish","type":"post","link":"https:\/\/archive.sana.sy\/es\/?p=250482","title":{"rendered":"El telescopio James Webb capta el lado m\u00e1s hipn\u00f3tico de la &#8216;galaxia fantasma&#8217; (fotos)"},"content":{"rendered":"<p style=\"text-align: justify\"><span style=\"color: #800000\"><strong>Washington, 30 ago (SANA)<\/strong> <\/span>La Agencia Espacial Europea (ESA, por sus siglas en ingl\u00e9s) public\u00f3 espectaculares im\u00e1genes de la galaxia M74, conocida como &#8216;galaxia fantasma&#8217;, que fueron captadas recientemente por el telescopio espacial James Webb de la NASA.<\/p>\n<p style=\"text-align: justify\">Para cada imagen se utilizaron distintas longitudes de onda, por lo que es posible apreciar diversas caracter\u00edsticas de un mismo objeto espacial.<\/p>\n<p style=\"text-align: justify\">El James Webb observ\u00f3 la M74 con su Instrumento de Infrarrojo Medio (MIRI) con el objetivo de arrojar luz sobre las primeras fases de formaci\u00f3n estelar en el universo.<\/p>\n<p style=\"text-align: justify\">&#8220;La &#8216;galaxia fantasma&#8217; est\u00e1 a unos 32 millones de a\u00f1os luz de la Tierra, en la constelaci\u00f3n de Piscis, y se encuentra casi de frente a la Tierra. Esto, junto con sus brazos espirales bien definidos, lo convierte en un objetivo predilecto para los astr\u00f3nomos que estudian el origen y la estructura de las espirales gal\u00e1cticas&#8221;, se\u00f1ala la ESA en un comunicado.<\/p>\n<p style=\"text-align: justify\">Seg\u00fan la agencia, la M74 es un tipo particular de galaxia espiral conocida como &#8220;espiral de gran dise\u00f1o&#8221;, lo que significa que sus brazos son prominentes y est\u00e1n bien definidos, a diferencia de la estructura m\u00e1s irregular que presentan otras galaxias espirales.<\/p>\n<p style=\"text-align: justify\">La falta de gas en la regi\u00f3n nuclear tambi\u00e9n proporciona una vista despejada del c\u00famulo de estrellas nucleares en el centro de la galaxia, a\u00f1ade la ESA.<\/p>\n<div id='gallery-1' class='gallery galleryid-250482 gallery-columns-1 gallery-size-large'><figure class='gallery-item'>\n\t\t\t<div class='gallery-icon landscape'>\n\t\t\t\t<a href='https:\/\/archive.sana.sy\/es\/wp-content\/uploads\/2022\/08\/james-2.jpg'><img loading=\"lazy\" decoding=\"async\" width=\"618\" height=\"287\" src=\"https:\/\/archive.sana.sy\/es\/wp-content\/uploads\/2022\/08\/james-2-1024x475.jpg\" class=\"attachment-large size-large\" alt=\"\" srcset=\"https:\/\/archive.sana.sy\/es\/wp-content\/uploads\/2022\/08\/james-2-1024x475.jpg 1024w, https:\/\/archive.sana.sy\/es\/wp-content\/uploads\/2022\/08\/james-2-300x139.jpg 300w, https:\/\/archive.sana.sy\/es\/wp-content\/uploads\/2022\/08\/james-2-150x70.jpg 150w, https:\/\/archive.sana.sy\/es\/wp-content\/uploads\/2022\/08\/james-2-768x356.jpg 768w, https:\/\/archive.sana.sy\/es\/wp-content\/uploads\/2022\/08\/james-2.jpg 1280w\" sizes=\"(max-width: 618px) 100vw, 618px\" \/><\/a>\n\t\t\t<\/div><\/figure><figure class='gallery-item'>\n\t\t\t<div class='gallery-icon landscape'>\n\t\t\t\t<a href='https:\/\/archive.sana.sy\/es\/wp-content\/uploads\/2022\/08\/james-3.jpg'><img loading=\"lazy\" decoding=\"async\" width=\"618\" height=\"462\" src=\"https:\/\/archive.sana.sy\/es\/wp-content\/uploads\/2022\/08\/james-3-1024x766.jpg\" class=\"attachment-large size-large\" alt=\"\" srcset=\"https:\/\/archive.sana.sy\/es\/wp-content\/uploads\/2022\/08\/james-3-1024x766.jpg 1024w, https:\/\/archive.sana.sy\/es\/wp-content\/uploads\/2022\/08\/james-3-300x225.jpg 300w, https:\/\/archive.sana.sy\/es\/wp-content\/uploads\/2022\/08\/james-3-150x112.jpg 150w, https:\/\/archive.sana.sy\/es\/wp-content\/uploads\/2022\/08\/james-3-768x575.jpg 768w, https:\/\/archive.sana.sy\/es\/wp-content\/uploads\/2022\/08\/james-3.jpg 1280w\" sizes=\"(max-width: 618px) 100vw, 618px\" \/><\/a>\n\t\t\t<\/div><\/figure>\n\t\t<\/div>\n\n<p style=\"text-align: justify\">fm\/la<\/p>\n","protected":false},"excerpt":{"rendered":"<p>Washington, 30 ago (SANA) La Agencia Espacial Europea (ESA, por sus siglas en ingl\u00e9s) public\u00f3 espectaculares im\u00e1genes de la galaxia M74, conocida como &#8216;galaxia fantasma&#8217;, que fueron captadas recientemente por el telescopio espacial James Webb de la NASA. Para cada imagen se utilizaron distintas longitudes de onda, por lo que es posible apreciar diversas caracter\u00edsticas &hellip;<\/p>\n","protected":false},"author":24,"featured_media":250483,"comment_status":"closed","ping_status":"closed","sticky":false,"template":"","format":"standard","meta":{"footnotes":""},"categories":[597,510],"tags":[],"class_list":["post-250482","post","type-post","status-publish","format-standard","has-post-thumbnail","","category-cinta-de-noticias","category-arte-y-cultura"],"_links":{"self":[{"href":"https:\/\/archive.sana.sy\/es\/index.php?rest_route=\/wp\/v2\/posts\/250482"}],"collection":[{"href":"https:\/\/archive.sana.sy\/es\/index.php?rest_route=\/wp\/v2\/posts"}],"about":[{"href":"https:\/\/archive.sana.sy\/es\/index.php?rest_route=\/wp\/v2\/types\/post"}],"author":[{"embeddable":true,"href":"https:\/\/archive.sana.sy\/es\/index.php?rest_route=\/wp\/v2\/users\/24"}],"replies":[{"embeddable":true,"href":"https:\/\/archive.sana.sy\/es\/index.php?rest_route=%2Fwp%2Fv2%2Fcomments&post=250482"}],"version-history":[{"count":0,"href":"https:\/\/archive.sana.sy\/es\/index.php?rest_route=\/wp\/v2\/posts\/250482\/revisions"}],"wp:featuredmedia":[{"embeddable":true,"href":"https:\/\/archive.sana.sy\/es\/index.php?rest_route=\/wp\/v2\/media\/250483"}],"wp:attachment":[{"href":"https:\/\/archive.sana.sy\/es\/index.php?rest_route=%2Fwp%2Fv2%2Fmedia&parent=250482"}],"wp:term":[{"taxonomy":"category","embeddable":true,"href":"https:\/\/archive.sana.sy\/es\/index.php?rest_route=%2Fwp%2Fv2%2Fcategories&post=250482"},{"taxonomy":"post_tag","embeddable":true,"href":"https:\/\/archive.sana.sy\/es\/index.php?rest_route=%2Fwp%2Fv2%2Ftags&post=250482"}],"curies":[{"name":"wp","href":"https:\/\/api.w.org\/{rel}","templated":true}]}}