{"id":250579,"date":"2022-08-31T13:51:31","date_gmt":"2022-08-31T10:51:31","guid":{"rendered":"http:\/\/107.6.182.27\/es\/?p=250579"},"modified":"2023-01-10T15:12:28","modified_gmt":"2023-01-10T13:12:28","slug":"conversaciones-sirio-iranies-en-el-campo-de-petroleo-y-el-gas","status":"publish","type":"post","link":"https:\/\/archive.sana.sy\/es\/?p=250579","title":{"rendered":"Conversaciones sirio-iran\u00edes en el campo de petr\u00f3leo y el gas"},"content":{"rendered":"<p style=\"text-align: justify;\"><span style=\"color: #800000;\"><strong>Damasco, 31 ago (SANA)\u00a0 \u00a0<\/strong><\/span>El viceministro de Petr\u00f3leo y Recursos Minerales, Khaled al-Alej, examin\u00f3 con el director ejecutivo de la Asociaci\u00f3n de Amistad Popular Siria-Ir\u00e1n, Hassan Chaksi, las perspectivas de cooperaci\u00f3n mutua en los campos de petr\u00f3leo y gas.<\/p>\n<p style=\"text-align: justify;\">Al-Alej destac\u00f3 la importancia de la cooperaci\u00f3n en el campo de la prospecci\u00f3n s\u00edsmica, la perforaci\u00f3n, los materiales petroqu\u00edmicos y los servicios petroleros.<\/p>\n<p style=\"text-align: justify;\">A su vez, la parte iran\u00ed propuso establecer una empresa conjunta en el \u00e1mbito de la prospecci\u00f3n, exploraci\u00f3n, perforaci\u00f3n y materiales petroqu\u00edmicos para que formara un n\u00facleo para la cooperaci\u00f3n con pa\u00edses vecinos.<\/p>\n<p style=\"text-align: justify;\">ed\/fm<\/p>\n","protected":false},"excerpt":{"rendered":"<p>Damasco, 31 ago (SANA)\u00a0 \u00a0El viceministro de Petr\u00f3leo y Recursos Minerales, Khaled al-Alej, examin\u00f3 con el director ejecutivo de la Asociaci\u00f3n de Amistad Popular Siria-Ir\u00e1n, Hassan Chaksi, las perspectivas de cooperaci\u00f3n mutua en los campos de petr\u00f3leo y gas. Al-Alej destac\u00f3 la importancia de la cooperaci\u00f3n en el campo de la prospecci\u00f3n s\u00edsmica, la perforaci\u00f3n, &hellip;<\/p>\n","protected":false},"author":32,"featured_media":250580,"comment_status":"closed","ping_status":"closed","sticky":false,"template":"","format":"standard","meta":{"footnotes":""},"categories":[597,16686,485,467,7541],"tags":[],"class_list":["post-250579","post","type-post","status-publish","format-standard","has-post-thumbnail","","category-cinta-de-noticias","category-economia","category-informes-negocios-y-finanzas","category-siria-y-el-mundo","category-ultimas-noticias"],"_links":{"self":[{"href":"https:\/\/archive.sana.sy\/es\/index.php?rest_route=\/wp\/v2\/posts\/250579"}],"collection":[{"href":"https:\/\/archive.sana.sy\/es\/index.php?rest_route=\/wp\/v2\/posts"}],"about":[{"href":"https:\/\/archive.sana.sy\/es\/index.php?rest_route=\/wp\/v2\/types\/post"}],"author":[{"embeddable":true,"href":"https:\/\/archive.sana.sy\/es\/index.php?rest_route=\/wp\/v2\/users\/32"}],"replies":[{"embeddable":true,"href":"https:\/\/archive.sana.sy\/es\/index.php?rest_route=%2Fwp%2Fv2%2Fcomments&post=250579"}],"version-history":[{"count":0,"href":"https:\/\/archive.sana.sy\/es\/index.php?rest_route=\/wp\/v2\/posts\/250579\/revisions"}],"wp:featuredmedia":[{"embeddable":true,"href":"https:\/\/archive.sana.sy\/es\/index.php?rest_route=\/wp\/v2\/media\/250580"}],"wp:attachment":[{"href":"https:\/\/archive.sana.sy\/es\/index.php?rest_route=%2Fwp%2Fv2%2Fmedia&parent=250579"}],"wp:term":[{"taxonomy":"category","embeddable":true,"href":"https:\/\/archive.sana.sy\/es\/index.php?rest_route=%2Fwp%2Fv2%2Fcategories&post=250579"},{"taxonomy":"post_tag","embeddable":true,"href":"https:\/\/archive.sana.sy\/es\/index.php?rest_route=%2Fwp%2Fv2%2Ftags&post=250579"}],"curies":[{"name":"wp","href":"https:\/\/api.w.org\/{rel}","templated":true}]}}