{"id":250619,"date":"2022-08-31T17:06:23","date_gmt":"2022-08-31T14:06:23","guid":{"rendered":"http:\/\/107.6.182.27\/es\/?p=250619"},"modified":"2023-01-10T14:02:57","modified_gmt":"2023-01-10T12:02:57","slug":"con-la-participacion-de-siria-inicia-ejercicio-de-comando-y-estado-mayor-estrategico-vostok-2022-en-rusia","status":"publish","type":"post","link":"https:\/\/archive.sana.sy\/es\/?p=250619","title":{"rendered":"Con la participaci\u00f3n de Siria inicia Ejercicio de Comando y Estado Mayor Estrat\u00e9gico \u201cVostok-2022\u201d en Rusia"},"content":{"rendered":"<p style=\"text-align: justify\"><span style=\"color: #800000\"><strong>Mosc\u00fa, 31 ago (SANA )<\/strong><\/span> Se dio inicio este mi\u00e9rcoles al Ejercicio de Comando y Estado Mayor Estrat\u00e9gico \u201cVostok-2022\u201d en el campo de entrenamiento Sergeevsky en el territorio de Primorsky, el cual cont\u00f3 con la participaci\u00f3n de contingentes militares de varios pa\u00edses, incluida Siria.<\/p>\n<p style=\"text-align: justify\">El Coronel General Yunus-Bek Yevkurov, viceministro de Defensa de la Federaci\u00f3n Rusa, anunci\u00f3 al inaugurar el sistema de comando y control que \u201cHoy, soldados y oficiales de diez estados se paran en una sola formaci\u00f3n, y un total de 14 pa\u00edses participan en el ejercicio\u201d.<\/p>\n<p style=\"text-align: justify\">Subray\u00f3 que \u201cDecenas de miles de militares y miles de equipos est\u00e1n realizando tareas de entrenamiento de combate en tiempo real, de acuerdo con un plan \u00fanico, en nueve campos de entrenamiento\u201d.<\/p>\n<p style=\"text-align: justify\">\u201cEstamos conectados no solo por la necesidad de fortalecer la seguridad militar cerca de nuestras fronteras, sino tambi\u00e9n por las largas relaciones amistosas entre nuestros pa\u00edses\u201d, destac\u00f3.<\/p>\n<p style=\"text-align: justify\">Los militares de los contingentes militares en las maniobras realizaron un desfile solemne frente al podio, y el programa termin\u00f3 con un gran concierto de artistas del Conjunto Acad\u00e9mico de Canto y Danza.<\/p>\n<p style=\"text-align: justify\">Cabe destacar que los pa\u00edses participantes en las maniobras son Rusia, Siria, Azerbaiy\u00e1n, Argelia, Armenia, Bielorrusia, la India, Kazajist\u00e1n, Kirguist\u00e1n, China, Laos, Mongolia, Nicaragua, y Tayikist\u00e1n.<\/p>\n<div id='gallery-1' class='gallery galleryid-250619 gallery-columns-1 gallery-size-full'><figure class='gallery-item'>\n\t\t\t<div class='gallery-icon landscape'>\n\t\t\t\t<a href='https:\/\/archive.sana.sy\/es\/wp-content\/uploads\/2022\/08\/Vostok-1.jpg'><img loading=\"lazy\" decoding=\"async\" width=\"660\" height=\"407\" src=\"https:\/\/archive.sana.sy\/es\/wp-content\/uploads\/2022\/08\/Vostok-1.jpg\" class=\"attachment-full size-full\" alt=\"\" srcset=\"https:\/\/archive.sana.sy\/es\/wp-content\/uploads\/2022\/08\/Vostok-1.jpg 660w, https:\/\/archive.sana.sy\/es\/wp-content\/uploads\/2022\/08\/Vostok-1-300x185.jpg 300w, https:\/\/archive.sana.sy\/es\/wp-content\/uploads\/2022\/08\/Vostok-1-150x93.jpg 150w\" sizes=\"(max-width: 660px) 100vw, 660px\" \/><\/a>\n\t\t\t<\/div><\/figure><figure class='gallery-item'>\n\t\t\t<div class='gallery-icon landscape'>\n\t\t\t\t<a href='https:\/\/archive.sana.sy\/es\/wp-content\/uploads\/2022\/08\/Vostok-2.jpg'><img loading=\"lazy\" decoding=\"async\" width=\"660\" height=\"392\" src=\"https:\/\/archive.sana.sy\/es\/wp-content\/uploads\/2022\/08\/Vostok-2.jpg\" class=\"attachment-full size-full\" alt=\"\" srcset=\"https:\/\/archive.sana.sy\/es\/wp-content\/uploads\/2022\/08\/Vostok-2.jpg 660w, https:\/\/archive.sana.sy\/es\/wp-content\/uploads\/2022\/08\/Vostok-2-300x178.jpg 300w, https:\/\/archive.sana.sy\/es\/wp-content\/uploads\/2022\/08\/Vostok-2-150x89.jpg 150w\" sizes=\"(max-width: 660px) 100vw, 660px\" \/><\/a>\n\t\t\t<\/div><\/figure><figure class='gallery-item'>\n\t\t\t<div class='gallery-icon landscape'>\n\t\t\t\t<a href='https:\/\/archive.sana.sy\/es\/wp-content\/uploads\/2022\/08\/Vostok-3.jpg'><img loading=\"lazy\" decoding=\"async\" width=\"660\" height=\"424\" src=\"https:\/\/archive.sana.sy\/es\/wp-content\/uploads\/2022\/08\/Vostok-3.jpg\" class=\"attachment-full size-full\" alt=\"\" srcset=\"https:\/\/archive.sana.sy\/es\/wp-content\/uploads\/2022\/08\/Vostok-3.jpg 660w, https:\/\/archive.sana.sy\/es\/wp-content\/uploads\/2022\/08\/Vostok-3-300x193.jpg 300w, https:\/\/archive.sana.sy\/es\/wp-content\/uploads\/2022\/08\/Vostok-3-150x96.jpg 150w\" sizes=\"(max-width: 660px) 100vw, 660px\" \/><\/a>\n\t\t\t<\/div><\/figure>\n\t\t<\/div>\n\n<p style=\"text-align: justify\">la<\/p>\n","protected":false},"excerpt":{"rendered":"<p>Mosc\u00fa, 31 ago (SANA ) Se dio inicio este mi\u00e9rcoles al Ejercicio de Comando y Estado Mayor Estrat\u00e9gico \u201cVostok-2022\u201d en el campo de entrenamiento Sergeevsky en el territorio de Primorsky, el cual cont\u00f3 con la participaci\u00f3n de contingentes militares de varios pa\u00edses, incluida Siria. El Coronel General Yunus-Bek Yevkurov, viceministro de Defensa de la Federaci\u00f3n &hellip;<\/p>\n","protected":false},"author":24,"featured_media":250620,"comment_status":"closed","ping_status":"closed","sticky":false,"template":"","format":"standard","meta":{"footnotes":""},"categories":[447,597,20724,467,7541],"tags":[],"class_list":["post-250619","post","type-post","status-publish","format-standard","has-post-thumbnail","","category-local-politica","category-cinta-de-noticias","category-minuto-a-minuto","category-siria-y-el-mundo","category-ultimas-noticias"],"_links":{"self":[{"href":"https:\/\/archive.sana.sy\/es\/index.php?rest_route=\/wp\/v2\/posts\/250619"}],"collection":[{"href":"https:\/\/archive.sana.sy\/es\/index.php?rest_route=\/wp\/v2\/posts"}],"about":[{"href":"https:\/\/archive.sana.sy\/es\/index.php?rest_route=\/wp\/v2\/types\/post"}],"author":[{"embeddable":true,"href":"https:\/\/archive.sana.sy\/es\/index.php?rest_route=\/wp\/v2\/users\/24"}],"replies":[{"embeddable":true,"href":"https:\/\/archive.sana.sy\/es\/index.php?rest_route=%2Fwp%2Fv2%2Fcomments&post=250619"}],"version-history":[{"count":0,"href":"https:\/\/archive.sana.sy\/es\/index.php?rest_route=\/wp\/v2\/posts\/250619\/revisions"}],"wp:featuredmedia":[{"embeddable":true,"href":"https:\/\/archive.sana.sy\/es\/index.php?rest_route=\/wp\/v2\/media\/250620"}],"wp:attachment":[{"href":"https:\/\/archive.sana.sy\/es\/index.php?rest_route=%2Fwp%2Fv2%2Fmedia&parent=250619"}],"wp:term":[{"taxonomy":"category","embeddable":true,"href":"https:\/\/archive.sana.sy\/es\/index.php?rest_route=%2Fwp%2Fv2%2Fcategories&post=250619"},{"taxonomy":"post_tag","embeddable":true,"href":"https:\/\/archive.sana.sy\/es\/index.php?rest_route=%2Fwp%2Fv2%2Ftags&post=250619"}],"curies":[{"name":"wp","href":"https:\/\/api.w.org\/{rel}","templated":true}]}}