{"id":250653,"date":"2022-08-31T20:37:53","date_gmt":"2022-08-31T17:37:53","guid":{"rendered":"http:\/\/107.6.182.27\/es\/?p=250653"},"modified":"2023-01-10T15:53:55","modified_gmt":"2023-01-10T13:53:55","slug":"presidencia-palestina-exige-una-urgente-intervencion-internacional-para-detener-las-violaciones-israelies-contra-los-prisioneros","status":"publish","type":"post","link":"https:\/\/archive.sana.sy\/es\/?p=250653","title":{"rendered":"Presidencia palestina exige una urgente intervenci\u00f3n internacional para detener las violaciones israel\u00edes contra los prisioneros"},"content":{"rendered":"<p style=\"text-align: justify;\"><span style=\"color: #800000;\"><strong>Jerusal\u00e9n ocupada, 31 ago (SANA)<\/strong><\/span> La presidencia palestina hizo un llamado a la comunidad internacional para que intervenga urgentemente para detener las continuas violaciones de la ocupaci\u00f3n israel\u00ed contra los prisioneros palestinos, seg\u00fan inform\u00f3 la agencia de prensa palestina WAFA.<\/p>\n<p style=\"text-align: justify;\">Por medio de un comunicado, citado por la agencia WAFA, la presidencia advirti\u00f3 contra la continuaci\u00f3n de estas pr\u00e1cticas criminales, asesinatos, torturas, abusos y negligencias m\u00e9dicas llevadas a cabo por las fuerzas de ocupaci\u00f3n contra los prisioneros palestinos, se\u00f1alando que estas violaciones resumen la pol\u00edtica de ocupaci\u00f3n contra todo el pueblo palestino.<\/p>\n<p style=\"text-align: justify;\">La presidencia confirm\u00f3 que contin\u00faa su comunicaci\u00f3n con la Penal Internacional, el Consejo de Derechos Humanos y organismos de Naciones Unidas para frenar los cr\u00edmenes de la ocupaci\u00f3n y poner fin a su impunidad.<\/p>\n<p>mm<\/p>\n","protected":false},"excerpt":{"rendered":"<p>Jerusal\u00e9n ocupada, 31 ago (SANA) La presidencia palestina hizo un llamado a la comunidad internacional para que intervenga urgentemente para detener las continuas violaciones de la ocupaci\u00f3n israel\u00ed contra los prisioneros palestinos, seg\u00fan inform\u00f3 la agencia de prensa palestina WAFA. Por medio de un comunicado, citado por la agencia WAFA, la presidencia advirti\u00f3 contra la &hellip;<\/p>\n","protected":false},"author":36,"featured_media":250654,"comment_status":"closed","ping_status":"closed","sticky":false,"template":"","format":"standard","meta":{"footnotes":""},"categories":[597,456,20724,457],"tags":[],"class_list":["post-250653","post","type-post","status-publish","format-standard","has-post-thumbnail","","category-cinta-de-noticias","category-arabe-internacional-politica","category-minuto-a-minuto","category-noticias-arabe-internacional-politica"],"_links":{"self":[{"href":"https:\/\/archive.sana.sy\/es\/index.php?rest_route=\/wp\/v2\/posts\/250653"}],"collection":[{"href":"https:\/\/archive.sana.sy\/es\/index.php?rest_route=\/wp\/v2\/posts"}],"about":[{"href":"https:\/\/archive.sana.sy\/es\/index.php?rest_route=\/wp\/v2\/types\/post"}],"author":[{"embeddable":true,"href":"https:\/\/archive.sana.sy\/es\/index.php?rest_route=\/wp\/v2\/users\/36"}],"replies":[{"embeddable":true,"href":"https:\/\/archive.sana.sy\/es\/index.php?rest_route=%2Fwp%2Fv2%2Fcomments&post=250653"}],"version-history":[{"count":0,"href":"https:\/\/archive.sana.sy\/es\/index.php?rest_route=\/wp\/v2\/posts\/250653\/revisions"}],"wp:featuredmedia":[{"embeddable":true,"href":"https:\/\/archive.sana.sy\/es\/index.php?rest_route=\/wp\/v2\/media\/250654"}],"wp:attachment":[{"href":"https:\/\/archive.sana.sy\/es\/index.php?rest_route=%2Fwp%2Fv2%2Fmedia&parent=250653"}],"wp:term":[{"taxonomy":"category","embeddable":true,"href":"https:\/\/archive.sana.sy\/es\/index.php?rest_route=%2Fwp%2Fv2%2Fcategories&post=250653"},{"taxonomy":"post_tag","embeddable":true,"href":"https:\/\/archive.sana.sy\/es\/index.php?rest_route=%2Fwp%2Fv2%2Ftags&post=250653"}],"curies":[{"name":"wp","href":"https:\/\/api.w.org\/{rel}","templated":true}]}}