{"id":250692,"date":"2022-09-01T06:55:38","date_gmt":"2022-09-01T03:55:38","guid":{"rendered":"http:\/\/107.6.182.27\/es\/?p=250692"},"modified":"2023-01-10T15:53:54","modified_gmt":"2023-01-10T13:53:54","slug":"moscu-la-lucha-contra-el-nazismo-en-el-mundo-enfrenta-un-reves","status":"publish","type":"post","link":"https:\/\/archive.sana.sy\/es\/?p=250692","title":{"rendered":"Mosc\u00fa: La lucha contra el nazismo en el mundo enfrenta un rev\u00e9s"},"content":{"rendered":"<p style=\"text-align: justify;\"><span style=\"color: #800000;\"><strong>Mosc\u00fa, 1 sep (SANA)\u00a0<\/strong><\/span> El Ministerio de Relaciones Exteriores de Rusia consider\u00f3 que la lucha contra el nazismo en el mundo experiment\u00f3 un notable retroceso durante el pasado a\u00f1o.<\/p>\n<p style=\"text-align: justify;\">&#8220;Observamos que la situaci\u00f3n relacionada con la lucha contra el nazismo experiment\u00f3 un retroceso notable durante este a\u00f1o\u201d, dijo la Canciller\u00eda rusa mediante un informe emitido hoy sobre el fen\u00f3meno de la glorificaci\u00f3n del nazismo y la propagaci\u00f3n del mismo.<\/p>\n<p style=\"text-align: justify;\">Agreg\u00f3 que en varios pa\u00edses, est\u00e1n aumentando las campa\u00f1as destinadas a distorsionar la historia y falsificar el papel de la Uni\u00f3n Sovi\u00e9tica en la victoria sobre el nazismo y el establecimiento del sistema contempor\u00e1neo de relaciones internacionales.<\/p>\n<p style=\"text-align: justify;\">A trav\u00e9s del informe, el Ministerio llam\u00f3 la atenci\u00f3n sobre el hecho de que \u201ca lo largo de los a\u00f1os, muchos conceptos han cambiado en muchos pa\u00edses, en t\u00e9rminos de comparar el r\u00e9gimen nazi con la Uni\u00f3n Sovi\u00e9tica, incluidos los intentos de culpar del estallido de la guerra a la URSS, adem\u00e1s de declarar a la Uni\u00f3n Sovi\u00e9tica como un criminal de guerra peor que el Tercer Reich.<\/p>\n<p>sm\/ fm<\/p>\n","protected":false},"excerpt":{"rendered":"<p>Mosc\u00fa, 1 sep (SANA)\u00a0 El Ministerio de Relaciones Exteriores de Rusia consider\u00f3 que la lucha contra el nazismo en el mundo experiment\u00f3 un notable retroceso durante el pasado a\u00f1o. &#8220;Observamos que la situaci\u00f3n relacionada con la lucha contra el nazismo experiment\u00f3 un retroceso notable durante este a\u00f1o\u201d, dijo la Canciller\u00eda rusa mediante un informe emitido &hellip;<\/p>\n","protected":false},"author":34,"featured_media":250693,"comment_status":"closed","ping_status":"closed","sticky":false,"template":"","format":"standard","meta":{"footnotes":""},"categories":[597,456,20724],"tags":[],"class_list":["post-250692","post","type-post","status-publish","format-standard","has-post-thumbnail","","category-cinta-de-noticias","category-arabe-internacional-politica","category-minuto-a-minuto"],"_links":{"self":[{"href":"https:\/\/archive.sana.sy\/es\/index.php?rest_route=\/wp\/v2\/posts\/250692"}],"collection":[{"href":"https:\/\/archive.sana.sy\/es\/index.php?rest_route=\/wp\/v2\/posts"}],"about":[{"href":"https:\/\/archive.sana.sy\/es\/index.php?rest_route=\/wp\/v2\/types\/post"}],"author":[{"embeddable":true,"href":"https:\/\/archive.sana.sy\/es\/index.php?rest_route=\/wp\/v2\/users\/34"}],"replies":[{"embeddable":true,"href":"https:\/\/archive.sana.sy\/es\/index.php?rest_route=%2Fwp%2Fv2%2Fcomments&post=250692"}],"version-history":[{"count":0,"href":"https:\/\/archive.sana.sy\/es\/index.php?rest_route=\/wp\/v2\/posts\/250692\/revisions"}],"wp:featuredmedia":[{"embeddable":true,"href":"https:\/\/archive.sana.sy\/es\/index.php?rest_route=\/wp\/v2\/media\/250693"}],"wp:attachment":[{"href":"https:\/\/archive.sana.sy\/es\/index.php?rest_route=%2Fwp%2Fv2%2Fmedia&parent=250692"}],"wp:term":[{"taxonomy":"category","embeddable":true,"href":"https:\/\/archive.sana.sy\/es\/index.php?rest_route=%2Fwp%2Fv2%2Fcategories&post=250692"},{"taxonomy":"post_tag","embeddable":true,"href":"https:\/\/archive.sana.sy\/es\/index.php?rest_route=%2Fwp%2Fv2%2Ftags&post=250692"}],"curies":[{"name":"wp","href":"https:\/\/api.w.org\/{rel}","templated":true}]}}