{"id":250695,"date":"2022-09-01T07:18:02","date_gmt":"2022-09-01T04:18:02","guid":{"rendered":"http:\/\/107.6.182.27\/es\/?p=250695"},"modified":"2023-01-10T15:53:54","modified_gmt":"2023-01-10T13:53:54","slug":"disparo-en-su-propio-pie-moscu-critica-decision-de-la-ue-de-suspender-el-regimen-simplificado-de-visados-con-rusia","status":"publish","type":"post","link":"https:\/\/archive.sana.sy\/es\/?p=250695","title":{"rendered":"&#8220;Disparo en su propio pie&#8221;, Mosc\u00fa critica decisi\u00f3n de la UE de suspender el r\u00e9gimen simplificado de visados con Rusia"},"content":{"rendered":"<p style=\"text-align: justify;\"><span style=\"color: #800000;\"><strong>Mosc\u00fa, 1 sep (SANA)<\/strong><\/span> El viceministro de Asuntos Exteriores ruso, Alex\u00e1nder Grushk\u00f3, calific\u00f3 la decisi\u00f3n de la Uni\u00f3n Europea (UE) de suspender por completo el r\u00e9gimen simplificado de visados con Rusia de &#8220;disparo en su propio pie&#8221;.<\/p>\n<p style=\"text-align: justify;\">&#8220;Si Bruselas ha decidido dispararse en el pie una vez m\u00e1s, es su elecci\u00f3n&#8221;, afirm\u00f3 el alto diplom\u00e1tico, citado por RIA Novosti.<\/p>\n<p style=\"text-align: justify;\">Agreg\u00f3 que tales medidas son &#8220;salvajes y una verg\u00fcenza para la &#8216;Europa ilustrada'&#8221;.<\/p>\n<p style=\"text-align: justify;\">En este contexto, el vicecanciller ruso subray\u00f3 que la decisi\u00f3n del bloque no quedar\u00e1 sin respuesta.<\/p>\n<p style=\"text-align: justify;\">fm<\/p>\n","protected":false},"excerpt":{"rendered":"<p>Mosc\u00fa, 1 sep (SANA) El viceministro de Asuntos Exteriores ruso, Alex\u00e1nder Grushk\u00f3, calific\u00f3 la decisi\u00f3n de la Uni\u00f3n Europea (UE) de suspender por completo el r\u00e9gimen simplificado de visados con Rusia de &#8220;disparo en su propio pie&#8221;. &#8220;Si Bruselas ha decidido dispararse en el pie una vez m\u00e1s, es su elecci\u00f3n&#8221;, afirm\u00f3 el alto diplom\u00e1tico, &hellip;<\/p>\n","protected":false},"author":34,"featured_media":250696,"comment_status":"closed","ping_status":"closed","sticky":false,"template":"","format":"standard","meta":{"footnotes":""},"categories":[597,456,20724,7541],"tags":[],"class_list":["post-250695","post","type-post","status-publish","format-standard","has-post-thumbnail","","category-cinta-de-noticias","category-arabe-internacional-politica","category-minuto-a-minuto","category-ultimas-noticias"],"_links":{"self":[{"href":"https:\/\/archive.sana.sy\/es\/index.php?rest_route=\/wp\/v2\/posts\/250695"}],"collection":[{"href":"https:\/\/archive.sana.sy\/es\/index.php?rest_route=\/wp\/v2\/posts"}],"about":[{"href":"https:\/\/archive.sana.sy\/es\/index.php?rest_route=\/wp\/v2\/types\/post"}],"author":[{"embeddable":true,"href":"https:\/\/archive.sana.sy\/es\/index.php?rest_route=\/wp\/v2\/users\/34"}],"replies":[{"embeddable":true,"href":"https:\/\/archive.sana.sy\/es\/index.php?rest_route=%2Fwp%2Fv2%2Fcomments&post=250695"}],"version-history":[{"count":0,"href":"https:\/\/archive.sana.sy\/es\/index.php?rest_route=\/wp\/v2\/posts\/250695\/revisions"}],"wp:featuredmedia":[{"embeddable":true,"href":"https:\/\/archive.sana.sy\/es\/index.php?rest_route=\/wp\/v2\/media\/250696"}],"wp:attachment":[{"href":"https:\/\/archive.sana.sy\/es\/index.php?rest_route=%2Fwp%2Fv2%2Fmedia&parent=250695"}],"wp:term":[{"taxonomy":"category","embeddable":true,"href":"https:\/\/archive.sana.sy\/es\/index.php?rest_route=%2Fwp%2Fv2%2Fcategories&post=250695"},{"taxonomy":"post_tag","embeddable":true,"href":"https:\/\/archive.sana.sy\/es\/index.php?rest_route=%2Fwp%2Fv2%2Ftags&post=250695"}],"curies":[{"name":"wp","href":"https:\/\/api.w.org\/{rel}","templated":true}]}}