{"id":250735,"date":"2022-09-01T15:34:12","date_gmt":"2022-09-01T12:34:12","guid":{"rendered":"http:\/\/107.6.182.27\/es\/?p=250735"},"modified":"2023-01-10T15:53:52","modified_gmt":"2023-01-10T13:53:52","slug":"comision-europea-13-paises-afectados-parcial-o-totalmente-por-los-cortes-de-gas-rusos","status":"publish","type":"post","link":"https:\/\/archive.sana.sy\/es\/?p=250735","title":{"rendered":"Comisi\u00f3n Europea: 13 pa\u00edses afectados parcial o totalmente por los cortes de gas rusos"},"content":{"rendered":"<p style=\"text-align: justify;\"><span style=\"color: #800000;\"><strong>Amsterdam, 01 sep (SANA) <\/strong><\/span>La comisaria adjunta europea de Asuntos Energ\u00e9ticos, Michithald Worsdorfer, anunci\u00f3 que 13 pa\u00edses de la UE se han visto afectados por el corte de los suministros de gas ruso, especialmente despu\u00e9s del cese del bombeo a trav\u00e9s de la l\u00ednea Nord Stream 1.<\/p>\n<p style=\"text-align: justify;\">\u201cAlgunos pa\u00edses europeos, son 13, se han visto afectados por el corte de gas ruso total o parcialmente, especialmente con la decisi\u00f3n de Rusia la v\u00edspera de suspender el suministro de gas a trav\u00e9s de la l\u00ednea Nord Stream 1 durante 3 d\u00edas a Alemania y el resto de los pa\u00edses europeos debido a los trabajos de mantenimiento\u201d, cit\u00f3 Sputnik la declaraci\u00f3n de la funcionaria europea formulada durante una sesi\u00f3n del Comit\u00e9 de Industria y Energ\u00eda del Parlamento Europeo.<\/p>\n<p style=\"text-align: justify;\">Worsdorfer explic\u00f3 que la Comisi\u00f3n sigue de cerca el impacto de la decisi\u00f3n de Rusia de suspender los flujos de gas y trabaja en la elaboraci\u00f3n de un plan de contingencia debido al aumento de los precios de la electricidad.<\/p>\n<p style=\"text-align: justify;\">Los precios del gas en Europa subieron bruscamente despu\u00e9s de que la compa\u00f1\u00eda rusa Gazprom anunciara ayer que dejar\u00e1 de bombear gas a trav\u00e9s del gasoducto Nord Stream1 para realizar un mantenimiento peri\u00f3dico.<\/p>\n<p style=\"text-align: justify;\"><em><strong>ah\/rsh<\/strong><\/em><\/p>\n","protected":false},"excerpt":{"rendered":"<p>Amsterdam, 01 sep (SANA) La comisaria adjunta europea de Asuntos Energ\u00e9ticos, Michithald Worsdorfer, anunci\u00f3 que 13 pa\u00edses de la UE se han visto afectados por el corte de los suministros de gas ruso, especialmente despu\u00e9s del cese del bombeo a trav\u00e9s de la l\u00ednea Nord Stream 1. \u201cAlgunos pa\u00edses europeos, son 13, se han visto &hellip;<\/p>\n","protected":false},"author":30,"featured_media":250736,"comment_status":"closed","ping_status":"closed","sticky":false,"template":"","format":"standard","meta":{"footnotes":""},"categories":[456,20724],"tags":[],"class_list":["post-250735","post","type-post","status-publish","format-standard","has-post-thumbnail","","category-arabe-internacional-politica","category-minuto-a-minuto"],"_links":{"self":[{"href":"https:\/\/archive.sana.sy\/es\/index.php?rest_route=\/wp\/v2\/posts\/250735"}],"collection":[{"href":"https:\/\/archive.sana.sy\/es\/index.php?rest_route=\/wp\/v2\/posts"}],"about":[{"href":"https:\/\/archive.sana.sy\/es\/index.php?rest_route=\/wp\/v2\/types\/post"}],"author":[{"embeddable":true,"href":"https:\/\/archive.sana.sy\/es\/index.php?rest_route=\/wp\/v2\/users\/30"}],"replies":[{"embeddable":true,"href":"https:\/\/archive.sana.sy\/es\/index.php?rest_route=%2Fwp%2Fv2%2Fcomments&post=250735"}],"version-history":[{"count":0,"href":"https:\/\/archive.sana.sy\/es\/index.php?rest_route=\/wp\/v2\/posts\/250735\/revisions"}],"wp:featuredmedia":[{"embeddable":true,"href":"https:\/\/archive.sana.sy\/es\/index.php?rest_route=\/wp\/v2\/media\/250736"}],"wp:attachment":[{"href":"https:\/\/archive.sana.sy\/es\/index.php?rest_route=%2Fwp%2Fv2%2Fmedia&parent=250735"}],"wp:term":[{"taxonomy":"category","embeddable":true,"href":"https:\/\/archive.sana.sy\/es\/index.php?rest_route=%2Fwp%2Fv2%2Fcategories&post=250735"},{"taxonomy":"post_tag","embeddable":true,"href":"https:\/\/archive.sana.sy\/es\/index.php?rest_route=%2Fwp%2Fv2%2Ftags&post=250735"}],"curies":[{"name":"wp","href":"https:\/\/api.w.org\/{rel}","templated":true}]}}