{"id":250789,"date":"2022-09-01T20:04:25","date_gmt":"2022-09-01T17:04:25","guid":{"rendered":"http:\/\/107.6.182.27\/es\/?p=250789"},"modified":"2022-09-01T21:07:34","modified_gmt":"2022-09-01T18:07:34","slug":"siria-pide-condena-internacional-a-los-ataques-israelies-contra-su-territorio","status":"publish","type":"post","link":"https:\/\/archive.sana.sy\/es\/?p=250789","title":{"rendered":"Siria pide condena internacional a los ataques israel\u00edes contra su territorio"},"content":{"rendered":"<p style=\"text-align: justify;\"><span style=\"color: #800000;\"><strong>Damasco, 01 sep (SANA)\u00a0<\/strong> <\/span>\u00a0Siria reiter\u00f3 su llamado al Consejo de Seguridad de la ONU y al Secretariado de la ONU para condenar los ataques israel\u00edes contra sus territorios, ya que esos ataques violan su soberan\u00eda y ponen en peligro la paz y la seguridad regionales e internacionales.<\/p>\n<p style=\"text-align: justify;\">Nuestro pa\u00eds responsabiliz\u00f3 legal, moral, pol\u00edtica y financieramente a la ocupaci\u00f3n por atacar deliberadamente los aeropuertos internacionales de Damasco y Alepo y, por poner en peligro la vida de los ciudadanos y sabotear las instalaciones civiles del pa\u00eds.<\/p>\n<p style=\"text-align: justify;\">El Ministerio de Exteriores y Expatriados inform\u00f3 en una carta enviada al Secretario General de las Naciones Unidas y al Presidente del Consejo de Seguridad, que aproximadamente a las 20:00 horas de ayer mi\u00e9rcoles, 31 de agosto, \u201cIsrael\u201d lanz\u00f3 una agresi\u00f3n a\u00e9rea con misiles contra el Aeropuerto Comercial Internacional de Alepo que da\u00f1\u00f3 gravemente la pista de aterrizaje quedando fuera de servicio, y destruy\u00f3 por completo la estaci\u00f3n de ayuda a la navegaci\u00f3n a\u00e9rea.<\/p>\n<p style=\"text-align: justify;\">\u201cAviones de combate israel\u00edes a las 21:18 de la noche del mi\u00e9rcoles 31 de agosto 2022 lanzaron varios misiles desde el norte de Palestina ocupada contra algunos puntos al sudeste de la ciudad de Damasco incluyendo el aeropuerto internacional lo cual caus\u00f3 la destrucci\u00f3n de dispositivos de ayuda a la navegaci\u00f3n a\u00e9rea que salieron de servicio por completo\u201d, rez\u00f3 la carta.<\/p>\n<p style=\"text-align: justify;\">La Canciller\u00eda afirm\u00f3 en su mensaje que la Rep\u00fablica \u00c1rabe Siria llama la atenci\u00f3n de la Secretar\u00eda General que esta no es la primera vez en que las tropas de ocupaci\u00f3n israel\u00edes atacan instalaciones comerciales y civiles o terminales a\u00e9reas y mar\u00edtimas en Siria peligrando el movimiento de transporte a\u00e9reo y naval as\u00ed como la vida de los civiles.<\/p>\n<p style=\"text-align: justify;\">\u201cEn este contexto Siria les recuerda a la Secretar\u00eda General que \u201cIsrael\u201d ya no tiene ning\u00fan reparo en ampliar el c\u00edrculo de sus repetidas agresiones contra distintas zonas del territorio sirio y pone en peligro las terminales a\u00e9reas y los aviones civiles en los cielos del pa\u00eds\u201d.<\/p>\n<p style=\"text-align: justify;\">La Canciller\u00eda expres\u00f3 que Siria se reserve todo el derecho a exigir cuentas a las autoridades de ocupaci\u00f3n israel\u00edes carg\u00e1ndolas toda la responsabilidad legal, moral, pol\u00edtica y financiera por los ataques deliberados a los aeropuertos internacionales de Damasco y Alepo, entre otras instalaciones civiles.<\/p>\n<p style=\"text-align: justify;\">\u201cLa Rep\u00fablica \u00c1rabe Siria espera de la Secretar\u00eda General y del Consejo de Seguridad una acci\u00f3n inmediata y una postura clara frente a las tentativas de aumentar la tensi\u00f3n en la regi\u00f3n por parte de las autoridades de ocupaci\u00f3n israel\u00edes\u201d, concluy\u00f3.<\/p>\n<p style=\"text-align: justify;\">sm\/rsh<\/p>\n","protected":false},"excerpt":{"rendered":"<p>Damasco, 01 sep (SANA)\u00a0 \u00a0Siria reiter\u00f3 su llamado al Consejo de Seguridad de la ONU y al Secretariado de la ONU para condenar los ataques israel\u00edes contra sus territorios, ya que esos ataques violan su soberan\u00eda y ponen en peligro la paz y la seguridad regionales e internacionales. Nuestro pa\u00eds responsabiliz\u00f3 legal, moral, pol\u00edtica y &hellip;<\/p>\n","protected":false},"author":39,"featured_media":250790,"comment_status":"closed","ping_status":"closed","sticky":false,"template":"","format":"standard","meta":{"footnotes":""},"categories":[597,467,583],"tags":[],"class_list":["post-250789","post","type-post","status-publish","format-standard","has-post-thumbnail","","category-cinta-de-noticias","category-siria-y-el-mundo","category-slide"],"_links":{"self":[{"href":"https:\/\/archive.sana.sy\/es\/index.php?rest_route=\/wp\/v2\/posts\/250789"}],"collection":[{"href":"https:\/\/archive.sana.sy\/es\/index.php?rest_route=\/wp\/v2\/posts"}],"about":[{"href":"https:\/\/archive.sana.sy\/es\/index.php?rest_route=\/wp\/v2\/types\/post"}],"author":[{"embeddable":true,"href":"https:\/\/archive.sana.sy\/es\/index.php?rest_route=\/wp\/v2\/users\/39"}],"replies":[{"embeddable":true,"href":"https:\/\/archive.sana.sy\/es\/index.php?rest_route=%2Fwp%2Fv2%2Fcomments&post=250789"}],"version-history":[{"count":0,"href":"https:\/\/archive.sana.sy\/es\/index.php?rest_route=\/wp\/v2\/posts\/250789\/revisions"}],"wp:featuredmedia":[{"embeddable":true,"href":"https:\/\/archive.sana.sy\/es\/index.php?rest_route=\/wp\/v2\/media\/250790"}],"wp:attachment":[{"href":"https:\/\/archive.sana.sy\/es\/index.php?rest_route=%2Fwp%2Fv2%2Fmedia&parent=250789"}],"wp:term":[{"taxonomy":"category","embeddable":true,"href":"https:\/\/archive.sana.sy\/es\/index.php?rest_route=%2Fwp%2Fv2%2Fcategories&post=250789"},{"taxonomy":"post_tag","embeddable":true,"href":"https:\/\/archive.sana.sy\/es\/index.php?rest_route=%2Fwp%2Fv2%2Ftags&post=250789"}],"curies":[{"name":"wp","href":"https:\/\/api.w.org\/{rel}","templated":true}]}}