{"id":250818,"date":"2022-09-01T21:13:48","date_gmt":"2022-09-01T18:13:48","guid":{"rendered":"http:\/\/107.6.182.27\/es\/?p=250818"},"modified":"2023-01-10T15:53:51","modified_gmt":"2023-01-10T13:53:51","slug":"putin-la-mision-de-rusia-es-parar-la-guerra-del-regimen-de-kiev-contra-el-donbas","status":"publish","type":"post","link":"https:\/\/archive.sana.sy\/es\/?p=250818","title":{"rendered":"Putin: la misi\u00f3n de Rusia es parar la guerra del r\u00e9gimen de Kiev contra el Donb\u00e1s"},"content":{"rendered":"<p style=\"text-align: justify;\"><strong><span style=\"color: #800000;\">Mosc\u00fa, 1 sep (SANA)\u00a0 \u00a0<\/span><\/strong>El presidente ruso, Vladimir Putin, enfatiz\u00f3 que la tarea de Rusia y su ej\u00e9rcito es detener la guerra librada por el r\u00e9gimen de Kiev contra Donb\u00e1s y proteger a la propia Rusia.<\/p>\n<p style=\"text-align: justify;\">\u201cLos residentes del Donb\u00e1s se consideran parte de un espacio cultural conjunto con Rusia y la naci\u00f3n rusa, en un momento en que un enclave antirruso fue creado en el territorio ucraniano que hasta incluso los escolares en las \u00e1reas liberadas consideraban que el puente de Crimea no era real y desconoc\u00edan la historia com\u00fan entre Ucrania y Rusia\u201d, seg\u00fan difundi\u00f3 el sitio web Russia Today citando al Mandatario ruso en su discurso con motivo del D\u00eda del Conocimiento en Rusia.<\/p>\n<p style=\"text-align: justify;\">Enfatiz\u00f3 que es muy importante apoyar al ej\u00e9rcito ruso y la operaci\u00f3n militar especial por parte de la sociedad rusa, incluidos los j\u00f3venes.<\/p>\n<p style=\"text-align: justify;\">El jefe del Estado ruso se\u00f1al\u00f3 que est\u00e1n ocurriendo muchos eventos alrededor de su pa\u00eds que requieren atenci\u00f3n y an\u00e1lisis precisos, as\u00ed como medidas decisivas pero cuidadosas para que cada paso apunte a fortalecer la posici\u00f3n de Rusia en el interior y en todo el mundo.<\/p>\n<p style=\"text-align: justify;\">Aclar\u00f3 que es dif\u00edcil imaginar un desarrollo en varios campos cient\u00edficos en el mundo sin Rusia, por lo que es casi imposible y es dif\u00edcil aislar a alguien en el mundo.<\/p>\n<p style=\"text-align: justify;\">sm\/rsh<\/p>\n","protected":false},"excerpt":{"rendered":"<p>Mosc\u00fa, 1 sep (SANA)\u00a0 \u00a0El presidente ruso, Vladimir Putin, enfatiz\u00f3 que la tarea de Rusia y su ej\u00e9rcito es detener la guerra librada por el r\u00e9gimen de Kiev contra Donb\u00e1s y proteger a la propia Rusia. \u201cLos residentes del Donb\u00e1s se consideran parte de un espacio cultural conjunto con Rusia y la naci\u00f3n rusa, en &hellip;<\/p>\n","protected":false},"author":39,"featured_media":250819,"comment_status":"closed","ping_status":"closed","sticky":false,"template":"","format":"standard","meta":{"footnotes":""},"categories":[597,456,20724,7541],"tags":[],"class_list":["post-250818","post","type-post","status-publish","format-standard","has-post-thumbnail","","category-cinta-de-noticias","category-arabe-internacional-politica","category-minuto-a-minuto","category-ultimas-noticias"],"_links":{"self":[{"href":"https:\/\/archive.sana.sy\/es\/index.php?rest_route=\/wp\/v2\/posts\/250818"}],"collection":[{"href":"https:\/\/archive.sana.sy\/es\/index.php?rest_route=\/wp\/v2\/posts"}],"about":[{"href":"https:\/\/archive.sana.sy\/es\/index.php?rest_route=\/wp\/v2\/types\/post"}],"author":[{"embeddable":true,"href":"https:\/\/archive.sana.sy\/es\/index.php?rest_route=\/wp\/v2\/users\/39"}],"replies":[{"embeddable":true,"href":"https:\/\/archive.sana.sy\/es\/index.php?rest_route=%2Fwp%2Fv2%2Fcomments&post=250818"}],"version-history":[{"count":0,"href":"https:\/\/archive.sana.sy\/es\/index.php?rest_route=\/wp\/v2\/posts\/250818\/revisions"}],"wp:featuredmedia":[{"embeddable":true,"href":"https:\/\/archive.sana.sy\/es\/index.php?rest_route=\/wp\/v2\/media\/250819"}],"wp:attachment":[{"href":"https:\/\/archive.sana.sy\/es\/index.php?rest_route=%2Fwp%2Fv2%2Fmedia&parent=250818"}],"wp:term":[{"taxonomy":"category","embeddable":true,"href":"https:\/\/archive.sana.sy\/es\/index.php?rest_route=%2Fwp%2Fv2%2Fcategories&post=250818"},{"taxonomy":"post_tag","embeddable":true,"href":"https:\/\/archive.sana.sy\/es\/index.php?rest_route=%2Fwp%2Fv2%2Ftags&post=250818"}],"curies":[{"name":"wp","href":"https:\/\/api.w.org\/{rel}","templated":true}]}}