{"id":250859,"date":"2022-09-02T20:15:02","date_gmt":"2022-09-02T17:15:02","guid":{"rendered":"http:\/\/107.6.182.27\/es\/?p=250859"},"modified":"2022-09-02T20:27:40","modified_gmt":"2022-09-02T17:27:40","slug":"abierto-nuevo-centro-de-reconciliacion-en-khan-sheikhoun-idlib","status":"publish","type":"post","link":"https:\/\/archive.sana.sy\/es\/?p=250859","title":{"rendered":"Abierto nuevo centro de reconciliaci\u00f3n en Khan Sheikhoun \/Idlib"},"content":{"rendered":"<p style=\"text-align: justify;\"><span style=\"color: #800000;\"><strong>Idlib, 02 sep (SANA) <\/strong><\/span>El gobernador de Idlib, Thaer Salhab, debati\u00f3 anoche con los dignatarios y lugare\u00f1os de varias \u00e1reas de la provincia la expansi\u00f3n del proceso de reconciliaci\u00f3n en preparaci\u00f3n para la apertura de un centro de asentamiento en el \u00e1rea de Khan Sheikhoun el pr\u00f3ximo lunes.<\/p>\n<p style=\"text-align: justify;\">La reuni\u00f3n se produjo en respuesta al deseo de los residentes locales para dar a todos la oportunidad de normalizar su estatus jur\u00eddico en base de los acuerdos presentados por el Estado sirio para alentar a aquellos que deseen regresar a sus aldeas y ciudades liberadas por el Ej\u00e9rcito \u00c1rabe Sirio en Khan Sheikhoun.<\/p>\n<p style=\"text-align: justify;\">El Gobernador se\u00f1al\u00f3 que el Centro regular\u00e1 el estatus jur\u00eddico de los residentes tanto dentro como fuera de Siria en caso de que regresen, y resalt\u00f3 que la prioridad es normalizar el estatus de los evasores y desertores del servicio militar con la garant\u00eda de que no incurrir\u00e1n en ninguna responsabilidad despu\u00e9s de arreglarse su estatus jur\u00eddico.<\/p>\n<p style=\"text-align: justify;\">\u201cEn cuanto a las familias presentes en zonas bajo control de los grupos terroristas, su estatus se normalizar\u00e1 y entrar\u00e1n en las zonas liberadas con todas sus pertenencias como muebles, ovejas y coches\u201d, concluy\u00f3 el Gobernador.<\/p>\n<p style=\"text-align: justify;\"><em><strong>ah\/rsh<\/strong><\/em><\/p>\n","protected":false},"excerpt":{"rendered":"<p>Idlib, 02 sep (SANA) El gobernador de Idlib, Thaer Salhab, debati\u00f3 anoche con los dignatarios y lugare\u00f1os de varias \u00e1reas de la provincia la expansi\u00f3n del proceso de reconciliaci\u00f3n en preparaci\u00f3n para la apertura de un centro de asentamiento en el \u00e1rea de Khan Sheikhoun el pr\u00f3ximo lunes. La reuni\u00f3n se produjo en respuesta al &hellip;<\/p>\n","protected":false},"author":30,"featured_media":250860,"comment_status":"closed","ping_status":"closed","sticky":false,"template":"","format":"standard","meta":{"footnotes":""},"categories":[477,597,20724,476,457,7541],"tags":[],"class_list":["post-250859","post","type-post","status-publish","format-standard","has-post-thumbnail","","category-noticias-edulcorantes","category-cinta-de-noticias","category-minuto-a-minuto","category-locales","category-noticias-arabe-internacional-politica","category-ultimas-noticias"],"_links":{"self":[{"href":"https:\/\/archive.sana.sy\/es\/index.php?rest_route=\/wp\/v2\/posts\/250859"}],"collection":[{"href":"https:\/\/archive.sana.sy\/es\/index.php?rest_route=\/wp\/v2\/posts"}],"about":[{"href":"https:\/\/archive.sana.sy\/es\/index.php?rest_route=\/wp\/v2\/types\/post"}],"author":[{"embeddable":true,"href":"https:\/\/archive.sana.sy\/es\/index.php?rest_route=\/wp\/v2\/users\/30"}],"replies":[{"embeddable":true,"href":"https:\/\/archive.sana.sy\/es\/index.php?rest_route=%2Fwp%2Fv2%2Fcomments&post=250859"}],"version-history":[{"count":0,"href":"https:\/\/archive.sana.sy\/es\/index.php?rest_route=\/wp\/v2\/posts\/250859\/revisions"}],"wp:featuredmedia":[{"embeddable":true,"href":"https:\/\/archive.sana.sy\/es\/index.php?rest_route=\/wp\/v2\/media\/250860"}],"wp:attachment":[{"href":"https:\/\/archive.sana.sy\/es\/index.php?rest_route=%2Fwp%2Fv2%2Fmedia&parent=250859"}],"wp:term":[{"taxonomy":"category","embeddable":true,"href":"https:\/\/archive.sana.sy\/es\/index.php?rest_route=%2Fwp%2Fv2%2Fcategories&post=250859"},{"taxonomy":"post_tag","embeddable":true,"href":"https:\/\/archive.sana.sy\/es\/index.php?rest_route=%2Fwp%2Fv2%2Ftags&post=250859"}],"curies":[{"name":"wp","href":"https:\/\/api.w.org\/{rel}","templated":true}]}}