{"id":250862,"date":"2022-09-02T20:20:48","date_gmt":"2022-09-02T17:20:48","guid":{"rendered":"http:\/\/107.6.182.27\/es\/?p=250862"},"modified":"2022-09-02T20:26:42","modified_gmt":"2022-09-02T17:26:42","slug":"continua-la-reparacion-de-los-danos-causados-por-la-agresion-israeli-contra-el-aeropuerto-internacional-de-alepo","status":"publish","type":"post","link":"https:\/\/archive.sana.sy\/es\/?p=250862","title":{"rendered":"Contin\u00faa la reparaci\u00f3n de los da\u00f1os causados por la agresi\u00f3n israel\u00ed contra el Aeropuerto Internacional de Alepo"},"content":{"rendered":"<p style=\"text-align: justify;\"><span style=\"color: #800000;\"><strong>Damasco, 02 sep (SANA)\u00a0<\/strong><\/span>El Ministerio de Transporte explic\u00f3 que sus cuadros t\u00e9cnicos contin\u00faan la reparaci\u00f3n de los da\u00f1os causados por la agresi\u00f3n israel\u00ed, que apunt\u00f3 contra el Aeropuerto Internacional de Alepo, para ponerlo en servicio completo a partir de ma\u00f1ana.<\/p>\n<p style=\"text-align: justify;\">\u201cNuestros cuadros t\u00e9cnicos en la Organizaci\u00f3n General de Aviaci\u00f3n Civil, en coordinaci\u00f3n con nuestras compa\u00f1\u00edas nacionales competentes, est\u00e1n dando seguimiento a la restauraci\u00f3n y reparaci\u00f3n de los da\u00f1os causados por la agresi\u00f3n israel\u00ed contra el aeropuerto\u201d, inform\u00f3 el Ministerio en una nota.<\/p>\n<p style=\"text-align: justify;\">El comunicado se\u00f1al\u00f3 que el personal t\u00e9cnico intensifica sus esfuerzos para reanudar la funcionamiento del aeropuerto, asegurar el aterrizaje y despegue de los aviones, as\u00ed como ponerlo plenamente en servicio a partir de hoy viernes a las doce de la tarde hora local sin ninguna modificaci\u00f3n a los vuelos programados.<\/p>\n<p style=\"text-align: justify;\">\u201cEn el Aeropuerto Internacional de Damasco, el cese de algunos de los equipos da\u00f1ados por la agresi\u00f3n israel\u00ed no afecta el trabajo del aeropuerto y contin\u00faa proporcionando servicio al tr\u00e1fico a\u00e9reo regularmente\u201d, a\u00f1adi\u00f3 el texto del comunicado.<\/p>\n<p style=\"text-align: justify;\">La Canciller\u00eda siria ratific\u00f3 en una carta dirigida tanto al Secretario General de las Naciones Unidas como al Presidente del Consejo de Seguridad, que Siria se reserva el derecho de responsabilizar a las autoridades de ocupaci\u00f3n israel\u00edes por los ataques deliberados contra los aeropuertos internacionales de Damasco y Alepo.<\/p>\n<p style=\"text-align: justify;\"><em><strong>ah\/rsh<\/strong><\/em><\/p>\n","protected":false},"excerpt":{"rendered":"<p>Damasco, 02 sep (SANA)\u00a0El Ministerio de Transporte explic\u00f3 que sus cuadros t\u00e9cnicos contin\u00faan la reparaci\u00f3n de los da\u00f1os causados por la agresi\u00f3n israel\u00ed, que apunt\u00f3 contra el Aeropuerto Internacional de Alepo, para ponerlo en servicio completo a partir de ma\u00f1ana. \u201cNuestros cuadros t\u00e9cnicos en la Organizaci\u00f3n General de Aviaci\u00f3n Civil, en coordinaci\u00f3n con nuestras compa\u00f1\u00edas &hellip;<\/p>\n","protected":false},"author":30,"featured_media":250863,"comment_status":"closed","ping_status":"closed","sticky":false,"template":"","format":"standard","meta":{"footnotes":""},"categories":[477,597,20724,476,7541],"tags":[],"class_list":["post-250862","post","type-post","status-publish","format-standard","has-post-thumbnail","","category-noticias-edulcorantes","category-cinta-de-noticias","category-minuto-a-minuto","category-locales","category-ultimas-noticias"],"_links":{"self":[{"href":"https:\/\/archive.sana.sy\/es\/index.php?rest_route=\/wp\/v2\/posts\/250862"}],"collection":[{"href":"https:\/\/archive.sana.sy\/es\/index.php?rest_route=\/wp\/v2\/posts"}],"about":[{"href":"https:\/\/archive.sana.sy\/es\/index.php?rest_route=\/wp\/v2\/types\/post"}],"author":[{"embeddable":true,"href":"https:\/\/archive.sana.sy\/es\/index.php?rest_route=\/wp\/v2\/users\/30"}],"replies":[{"embeddable":true,"href":"https:\/\/archive.sana.sy\/es\/index.php?rest_route=%2Fwp%2Fv2%2Fcomments&post=250862"}],"version-history":[{"count":0,"href":"https:\/\/archive.sana.sy\/es\/index.php?rest_route=\/wp\/v2\/posts\/250862\/revisions"}],"wp:featuredmedia":[{"embeddable":true,"href":"https:\/\/archive.sana.sy\/es\/index.php?rest_route=\/wp\/v2\/media\/250863"}],"wp:attachment":[{"href":"https:\/\/archive.sana.sy\/es\/index.php?rest_route=%2Fwp%2Fv2%2Fmedia&parent=250862"}],"wp:term":[{"taxonomy":"category","embeddable":true,"href":"https:\/\/archive.sana.sy\/es\/index.php?rest_route=%2Fwp%2Fv2%2Fcategories&post=250862"},{"taxonomy":"post_tag","embeddable":true,"href":"https:\/\/archive.sana.sy\/es\/index.php?rest_route=%2Fwp%2Fv2%2Ftags&post=250862"}],"curies":[{"name":"wp","href":"https:\/\/api.w.org\/{rel}","templated":true}]}}