{"id":250883,"date":"2022-09-02T12:34:08","date_gmt":"2022-09-02T09:34:08","guid":{"rendered":"http:\/\/107.6.182.27\/es\/?p=250883"},"modified":"2023-01-10T15:53:50","modified_gmt":"2023-01-10T13:53:50","slug":"cuba-brasil-bolivia-y-venezuela-condenan-el-intento-de-magnicidio-contra-la-vicepresidenta-argentina","status":"publish","type":"post","link":"https:\/\/archive.sana.sy\/es\/?p=250883","title":{"rendered":"Cuba, Brasil, Bolivia y Venezuela condenan el intento de magnicidio contra la Vicepresidenta argentina"},"content":{"rendered":"<p style=\"text-align: justify;\"><span style=\"color: #800000;\"><strong>Damasco, 02 sep (SANA) <\/strong><\/span>Presidentes y expresidentes de Cuba, Brasil, Bolivia y Venezuela condenaron el fallido intento de asesinato de la Vicepresidenta argentina, Cristina Fern\u00e1ndez, que tuvo lugar la v\u00edspera mientras regresaba a su domicilio en el barrio porte\u00f1o de Recoleta.<\/p>\n<p style=\"text-align: justify;\">Al respecto, el expresidente boliviano, Evo Morales, twitte\u00f3: \u201ccondeno el cobarde intento de magnicidio en contra de nuestra hermana Cristina Fern\u00e1ndez\u201d.<\/p>\n<p style=\"text-align: justify;\">\u201cDesde Cuba, consternados con el intento de asesinato de Cristina Fern\u00e1ndez Kirchner, trasladamos toda nuestra solidaridad a la vicepresidenta, al gobierno y al pueblo argentinos\u201d, expres\u00f3 el presidente de Cuba, Miguel D\u00edaz-Canel.<\/p>\n<p style=\"text-align: justify;\">En el mismo contexto, el presidente de Venezuela, Nicol\u00e1s Maduro, tambi\u00e9n expres\u00f3 su solidaridad y repudio en\u00e9rgico a \u201cesta acci\u00f3n que busca enturbiar la paz del hermano pueblo argentino\u201d.<\/p>\n<p style=\"text-align: justify;\">Asimismo, se dirigi\u00f3 a Fern\u00e1ndez: \u201c\u00a1La Patria Grande est\u00e1 contigo compa\u00f1era!\u201d<\/p>\n<p style=\"text-align: justify;\">Por su parte, el expresidente de Brasil, Lula da Silva, envi\u00f3 su solidaridad a la vicepresidenta: \u201cCristina es una mujer que merece el respeto de todos los dem\u00f3cratas del mundo. Gracias a Dios sali\u00f3 ilesa\u201d.<\/p>\n<p style=\"text-align: justify;\"><em><strong>ah\/rsh\/fm<\/strong><\/em><\/p>\n","protected":false},"excerpt":{"rendered":"<p>Damasco, 02 sep (SANA) Presidentes y expresidentes de Cuba, Brasil, Bolivia y Venezuela condenaron el fallido intento de asesinato de la Vicepresidenta argentina, Cristina Fern\u00e1ndez, que tuvo lugar la v\u00edspera mientras regresaba a su domicilio en el barrio porte\u00f1o de Recoleta. Al respecto, el expresidente boliviano, Evo Morales, twitte\u00f3: \u201ccondeno el cobarde intento de magnicidio &hellip;<\/p>\n","protected":false},"author":30,"featured_media":250886,"comment_status":"closed","ping_status":"closed","sticky":false,"template":"","format":"standard","meta":{"footnotes":""},"categories":[597,456,20724,7541],"tags":[],"class_list":["post-250883","post","type-post","status-publish","format-standard","has-post-thumbnail","","category-cinta-de-noticias","category-arabe-internacional-politica","category-minuto-a-minuto","category-ultimas-noticias"],"_links":{"self":[{"href":"https:\/\/archive.sana.sy\/es\/index.php?rest_route=\/wp\/v2\/posts\/250883"}],"collection":[{"href":"https:\/\/archive.sana.sy\/es\/index.php?rest_route=\/wp\/v2\/posts"}],"about":[{"href":"https:\/\/archive.sana.sy\/es\/index.php?rest_route=\/wp\/v2\/types\/post"}],"author":[{"embeddable":true,"href":"https:\/\/archive.sana.sy\/es\/index.php?rest_route=\/wp\/v2\/users\/30"}],"replies":[{"embeddable":true,"href":"https:\/\/archive.sana.sy\/es\/index.php?rest_route=%2Fwp%2Fv2%2Fcomments&post=250883"}],"version-history":[{"count":0,"href":"https:\/\/archive.sana.sy\/es\/index.php?rest_route=\/wp\/v2\/posts\/250883\/revisions"}],"wp:featuredmedia":[{"embeddable":true,"href":"https:\/\/archive.sana.sy\/es\/index.php?rest_route=\/wp\/v2\/media\/250886"}],"wp:attachment":[{"href":"https:\/\/archive.sana.sy\/es\/index.php?rest_route=%2Fwp%2Fv2%2Fmedia&parent=250883"}],"wp:term":[{"taxonomy":"category","embeddable":true,"href":"https:\/\/archive.sana.sy\/es\/index.php?rest_route=%2Fwp%2Fv2%2Fcategories&post=250883"},{"taxonomy":"post_tag","embeddable":true,"href":"https:\/\/archive.sana.sy\/es\/index.php?rest_route=%2Fwp%2Fv2%2Ftags&post=250883"}],"curies":[{"name":"wp","href":"https:\/\/api.w.org\/{rel}","templated":true}]}}