{"id":250887,"date":"2022-09-02T13:02:39","date_gmt":"2022-09-02T10:02:39","guid":{"rendered":"http:\/\/107.6.182.27\/es\/?p=250887"},"modified":"2023-01-10T15:53:50","modified_gmt":"2023-01-10T13:53:50","slug":"detalles-sobre-el-individuo-que-intento-acabar-con-la-vida-de-la-vicepresidenta-argentina","status":"publish","type":"post","link":"https:\/\/archive.sana.sy\/es\/?p=250887","title":{"rendered":"Detalles sobre el individuo que intent\u00f3 acabar con la vida de la Vicepresidenta argentina"},"content":{"rendered":"<p style=\"text-align: justify;\"><span style=\"color: #800000;\"><strong>Damasco, 02 sep (SANA)<\/strong><\/span> El arrestado fue identificado como Fernando Andr\u00e9 Sabag Montiel, de 35 a\u00f1os y origen brasile\u00f1o, quien est\u00e1 registrado para trabajar como conductor de veh\u00edculos a trav\u00e9s de aplicaciones<\/p>\n<p style=\"text-align: justify;\">El documento de Sabag Montiel, obtenido por la Polic\u00eda Federal, muestra que naci\u00f3 en la ciudad de Sao Paulo (Brasil), pero vive en Argentina de manera permanente desde 1998. Fuentes de la investigaci\u00f3n precisaron a la agencia T\u00e9lam que su \u00faltimo ingreso al pa\u00eds ocurri\u00f3 en 2018.<\/p>\n<p style=\"text-align: justify;\">El arrestado ya fue trasladado a la Superintendencia de Investigaciones de la Polic\u00eda y qued\u00f3 a disposici\u00f3n de la jueza federal n\u00famero 5, Mar\u00eda Eugenia Capuchetti.<\/p>\n<p style=\"text-align: justify;\"><span style=\"color: #0000ff;\"><strong>El arma<\/strong><\/span><\/p>\n<p style=\"text-align: justify;\">Fuentes gubernamentales dijeron a La Naci\u00f3n que Sabag Montiel intent\u00f3 acabar con Kirchner con una pistola Bersa de calibre 380 (tambi\u00e9n conocido como 9 mm corto), cuyo cargador estaba lleno, algo que todav\u00eda no han confirmado las autoridades policiales. Al parecer, no hab\u00eda bala en la rec\u00e1mara del arma, es decir, no estaba lista para disparar.<\/p>\n<p style=\"text-align: justify;\">Mientras, desde T\u00e9lam apuntan, citando investigaciones policiales, que hab\u00eda cinco balas en el cargador de la pistola semiautom\u00e1tica. En su reporte hablan de Bersa calibre .32, conocido tambi\u00e9n como 7.65 mm, de una potencia un poco menor.<\/p>\n<p style=\"text-align: justify;\">Por su parte, el ministro de Seguridad, An\u00edbal Fern\u00e1ndez, confirm\u00f3 que el individuo portaba un arma de fuego. &#8220;Ahora tiene que ser analizada la situaci\u00f3n por nuestra gente de polic\u00eda cient\u00edfica, para evaluar las huellas&#8221;, adujo.<\/p>\n<p style=\"text-align: justify;\"><span style=\"color: #0000ff;\"><strong>Antecedentes penales<\/strong><\/span><\/p>\n<p style=\"text-align: justify;\">El sospechoso no figura en la base de datos de la Polic\u00eda Internacional (Interpol), y tampoco tiene pedido de captura activo, seg\u00fan aseguraron a T\u00e9lam fuentes de la Polic\u00eda.<\/p>\n<p style=\"text-align: justify;\">Sin embargo, el hombre tuvo un cruce con los agentes policiales el 17 de marzo del a\u00f1o pasado, cuando fue apresado por personal de la Comisar\u00eda Vecinal 15 A de la Polic\u00eda porte\u00f1a por tenencia y porte de arma blanca.<\/p>\n<p style=\"text-align: justify;\"><strong>Fuente: RT<\/strong><\/p>\n","protected":false},"excerpt":{"rendered":"<p>Damasco, 02 sep (SANA) El arrestado fue identificado como Fernando Andr\u00e9 Sabag Montiel, de 35 a\u00f1os y origen brasile\u00f1o, quien est\u00e1 registrado para trabajar como conductor de veh\u00edculos a trav\u00e9s de aplicaciones El documento de Sabag Montiel, obtenido por la Polic\u00eda Federal, muestra que naci\u00f3 en la ciudad de Sao Paulo (Brasil), pero vive en &hellip;<\/p>\n","protected":false},"author":30,"featured_media":250888,"comment_status":"closed","ping_status":"closed","sticky":false,"template":"","format":"standard","meta":{"footnotes":""},"categories":[456,20724],"tags":[],"class_list":["post-250887","post","type-post","status-publish","format-standard","has-post-thumbnail","","category-arabe-internacional-politica","category-minuto-a-minuto"],"_links":{"self":[{"href":"https:\/\/archive.sana.sy\/es\/index.php?rest_route=\/wp\/v2\/posts\/250887"}],"collection":[{"href":"https:\/\/archive.sana.sy\/es\/index.php?rest_route=\/wp\/v2\/posts"}],"about":[{"href":"https:\/\/archive.sana.sy\/es\/index.php?rest_route=\/wp\/v2\/types\/post"}],"author":[{"embeddable":true,"href":"https:\/\/archive.sana.sy\/es\/index.php?rest_route=\/wp\/v2\/users\/30"}],"replies":[{"embeddable":true,"href":"https:\/\/archive.sana.sy\/es\/index.php?rest_route=%2Fwp%2Fv2%2Fcomments&post=250887"}],"version-history":[{"count":0,"href":"https:\/\/archive.sana.sy\/es\/index.php?rest_route=\/wp\/v2\/posts\/250887\/revisions"}],"wp:featuredmedia":[{"embeddable":true,"href":"https:\/\/archive.sana.sy\/es\/index.php?rest_route=\/wp\/v2\/media\/250888"}],"wp:attachment":[{"href":"https:\/\/archive.sana.sy\/es\/index.php?rest_route=%2Fwp%2Fv2%2Fmedia&parent=250887"}],"wp:term":[{"taxonomy":"category","embeddable":true,"href":"https:\/\/archive.sana.sy\/es\/index.php?rest_route=%2Fwp%2Fv2%2Fcategories&post=250887"},{"taxonomy":"post_tag","embeddable":true,"href":"https:\/\/archive.sana.sy\/es\/index.php?rest_route=%2Fwp%2Fv2%2Ftags&post=250887"}],"curies":[{"name":"wp","href":"https:\/\/api.w.org\/{rel}","templated":true}]}}