{"id":250913,"date":"2022-09-02T14:13:25","date_gmt":"2022-09-02T11:13:25","guid":{"rendered":"http:\/\/107.6.182.27\/es\/?p=250913"},"modified":"2022-09-02T14:15:14","modified_gmt":"2022-09-02T11:15:14","slug":"ocupante-turco-y-sus-mercenarios-renuevan-sus-bombardeos-contra-la-provincia-siria-de-raqa","status":"publish","type":"post","link":"https:\/\/archive.sana.sy\/es\/?p=250913","title":{"rendered":"Ocupante turco y sus mercenarios renuevan sus bombardeos contra la provincia siria de Raqa"},"content":{"rendered":"<p style=\"text-align: justify;\"><span style=\"color: #800000;\"><strong>Raqa, 02 sep (SANA)\u00a0<\/strong> \u00a0<\/span>Organizaciones terroristas respaldadas por el ocupante turco renovaron sus ataques con artiller\u00eda pesada contra las \u00e1reas residenciales en el campo norte de la provincia siria de Raqa.<\/p>\n<p style=\"text-align: justify;\">Activistas locales informaron que los grupos terroristas que operan bajo el mando del r\u00e9gimen turco bombardearon con artiller\u00eda pesada las cercan\u00edas de la localidad de Ain Isa y la autov\u00eda internacional M-4 en el norte de Raqa.<\/p>\n<p style=\"text-align: justify;\">Agregaron que los bombardeos da\u00f1aron varias casas y propiedades, y provocaron un estado de p\u00e1nico entre los ciudadanos.<\/p>\n<p style=\"text-align: justify;\">El pasado domingo, las tropas del ocupante turco y sus mercenarios atacaron con artiller\u00eda pesada el poblado de Qazali, las inmediaciones de la localidad de Ain Isa, la autov\u00eda internacional M-4 y varias aldeas en el campo del norte de dicha provincia.<\/p>\n<p style=\"text-align: justify;\">sm<\/p>\n","protected":false},"excerpt":{"rendered":"<p>Raqa, 02 sep (SANA)\u00a0 \u00a0Organizaciones terroristas respaldadas por el ocupante turco renovaron sus ataques con artiller\u00eda pesada contra las \u00e1reas residenciales en el campo norte de la provincia siria de Raqa. Activistas locales informaron que los grupos terroristas que operan bajo el mando del r\u00e9gimen turco bombardearon con artiller\u00eda pesada las cercan\u00edas de la localidad &hellip;<\/p>\n","protected":false},"author":39,"featured_media":250916,"comment_status":"closed","ping_status":"closed","sticky":false,"template":"","format":"standard","meta":{"footnotes":""},"categories":[477,597,573,476,583],"tags":[],"class_list":["post-250913","post","type-post","status-publish","format-standard","has-post-thumbnail","","category-noticias-edulcorantes","category-cinta-de-noticias","category-la-realidad-de-los-acontecimientos-en-siria","category-locales","category-slide"],"_links":{"self":[{"href":"https:\/\/archive.sana.sy\/es\/index.php?rest_route=\/wp\/v2\/posts\/250913"}],"collection":[{"href":"https:\/\/archive.sana.sy\/es\/index.php?rest_route=\/wp\/v2\/posts"}],"about":[{"href":"https:\/\/archive.sana.sy\/es\/index.php?rest_route=\/wp\/v2\/types\/post"}],"author":[{"embeddable":true,"href":"https:\/\/archive.sana.sy\/es\/index.php?rest_route=\/wp\/v2\/users\/39"}],"replies":[{"embeddable":true,"href":"https:\/\/archive.sana.sy\/es\/index.php?rest_route=%2Fwp%2Fv2%2Fcomments&post=250913"}],"version-history":[{"count":0,"href":"https:\/\/archive.sana.sy\/es\/index.php?rest_route=\/wp\/v2\/posts\/250913\/revisions"}],"wp:featuredmedia":[{"embeddable":true,"href":"https:\/\/archive.sana.sy\/es\/index.php?rest_route=\/wp\/v2\/media\/250916"}],"wp:attachment":[{"href":"https:\/\/archive.sana.sy\/es\/index.php?rest_route=%2Fwp%2Fv2%2Fmedia&parent=250913"}],"wp:term":[{"taxonomy":"category","embeddable":true,"href":"https:\/\/archive.sana.sy\/es\/index.php?rest_route=%2Fwp%2Fv2%2Fcategories&post=250913"},{"taxonomy":"post_tag","embeddable":true,"href":"https:\/\/archive.sana.sy\/es\/index.php?rest_route=%2Fwp%2Fv2%2Ftags&post=250913"}],"curies":[{"name":"wp","href":"https:\/\/api.w.org\/{rel}","templated":true}]}}