{"id":250931,"date":"2022-09-02T16:42:23","date_gmt":"2022-09-02T13:42:23","guid":{"rendered":"http:\/\/107.6.182.27\/es\/?p=250931"},"modified":"2023-01-10T15:53:49","modified_gmt":"2023-01-10T13:53:49","slug":"eeuu-necesita-dejar-de-poner-toda-su-fe-en-las-armas-que-manda-a-ucrania","status":"publish","type":"post","link":"https:\/\/archive.sana.sy\/es\/?p=250931","title":{"rendered":"&#8220;EEUU necesita dejar de poner toda su fe en las armas que manda a Ucrania&#8221;"},"content":{"rendered":"<p style=\"text-align: justify;\"><span style=\"color: #800000;\"><strong>Damasco, 02 sep (SANA)<\/strong> <\/span>Apenas el pasado 24 de agosto, el presidente de EEUU, Joe Biden, anunci\u00f3 el env\u00edo de unos 2.980 millones de d\u00f3lares para la compra de armamento y drones para el ej\u00e9rcito ucraniano, con lo que ya suman m\u00e1s de 10.000 millones de d\u00f3lares en apoyo.<\/p>\n<p style=\"text-align: justify;\">A esto hay que sumar el paquete de 40.000 millones de d\u00f3lares que el Congreso de EEUU autoriz\u00f3 desde mayo para entregar al ej\u00e9rcito ucraniano.<\/p>\n<p style=\"text-align: justify;\"><strong>La raz\u00f3n detr\u00e1s de la desesperada apuesta de Biden por inyectar millones en el conflicto en Ucrania:<\/strong><\/p>\n<p style=\"text-align: justify;\">Voces republicanas como la de Thomas Massie y Greg Steube han criticado las decisiones del Gobierno estadounidense, toda vez que no existen garant\u00edas de que el dinero llegue directamente al ej\u00e9rcito ucraniano ni que est\u00e9 usando las armas.<\/p>\n<p style=\"text-align: justify;\">En un art\u00edculo para Business Insider, Benjamin Giltner, colaborador de la organizaci\u00f3n Defense Priorities, cuestion\u00f3 el destino del armamento enviado a territorio ucraniano y advirti\u00f3 que las armas podr\u00edan ser usadas en contra de EEUU.<\/p>\n<p style=\"text-align: justify;\">Esta posibilidad tambi\u00e9n ha sido advertida por investigadores como Jordan Cohen, del Instituto Cato, quien considera que este problema podr\u00eda volver en contra de EEUU en los pr\u00f3ximos 10 a\u00f1os.<\/p>\n<p style=\"text-align: justify;\">La OTAN y los miembros de la Uni\u00f3n Europea han sido generosos enviando armas a Ucrania. Sin embargo, crecen las preocupaciones sobre d\u00f3nde podr\u00edan terminar y la demanda por un sistema de rastreo para ubicar su movimiento. Son preocupaciones leg\u00edtimas. Nadie quiere que un adversario, o uno potencia, tenga armas&#8221;, advierte Glitner.<\/p>\n<p style=\"text-align: justify;\">El articulista enlista varios casos en los que EEUU ha sido testigo de c\u00f3mo las armas que env\u00eda para apoyar a sus aliados terminan, despu\u00e9s, siendo usadas en su contra.<\/p>\n<p style=\"text-align: justify;\">Uno de los ejemplos m\u00e1s ilustrativos es la guerra de Irak, en la que EEUU env\u00edo armas al ej\u00e9rcito iraqu\u00ed que terminaron en manos de insurgentes que luchaban contra el ej\u00e9rcito estadounidense.<\/p>\n<p style=\"text-align: justify;\">En Siria, durante la llamada operaci\u00f3n Timber Sycamore de 2013, las armas usadas para entrenar a los rebeldes sirios en Jordania terminaron en posesi\u00f3n del grupo Nusra Front, considerado por el Gobierno de EEUU como una organizaci\u00f3n terrorista.<\/p>\n<p style=\"text-align: justify;\">Una situaci\u00f3n similar sucedi\u00f3 en la guerra civil de Yemen cuando las armas estadounidenses llegaron hasta al-Qaeda.<\/p>\n<p style=\"text-align: justify;\">Para especialistas como Rachel Stohl y Ej Hogendoorn, el principal problema son las armas peque\u00f1as, dado que son f\u00e1ciles de esconder y traficar, adem\u00e1s de que son de uso m\u00e1s sencillo.<\/p>\n<p style=\"text-align: justify;\">&#8220;Los legisladores de EEUU necesitan evitar tener tanta fe en la entrega de armas como meta internacional. No hay duda que las pistolas y las armas son parte de la pol\u00edtica exterior. Sin embargo, existen otras herramientas, como las negociaciones diplom\u00e1ticas, que tambi\u00e9n pueden servir a EEUU para lograr sus objetivos en pol\u00edtica exterior.<\/p>\n<p style=\"text-align: justify;\">crania y EEUU necesitan usar algo m\u00e1s que armas para terminar esta guerra&#8221;, opina Benjamin Giltner.<\/p>\n<p style=\"text-align: justify;\">Fuente: Sputnik<\/p>\n","protected":false},"excerpt":{"rendered":"<p>Damasco, 02 sep (SANA) Apenas el pasado 24 de agosto, el presidente de EEUU, Joe Biden, anunci\u00f3 el env\u00edo de unos 2.980 millones de d\u00f3lares para la compra de armamento y drones para el ej\u00e9rcito ucraniano, con lo que ya suman m\u00e1s de 10.000 millones de d\u00f3lares en apoyo. A esto hay que sumar el &hellip;<\/p>\n","protected":false},"author":39,"featured_media":250932,"comment_status":"closed","ping_status":"closed","sticky":false,"template":"","format":"standard","meta":{"footnotes":""},"categories":[16929,597,456,7541],"tags":[],"class_list":["post-250931","post","type-post","status-publish","format-standard","has-post-thumbnail","","category-articulos-de-opinion","category-cinta-de-noticias","category-arabe-internacional-politica","category-ultimas-noticias"],"_links":{"self":[{"href":"https:\/\/archive.sana.sy\/es\/index.php?rest_route=\/wp\/v2\/posts\/250931"}],"collection":[{"href":"https:\/\/archive.sana.sy\/es\/index.php?rest_route=\/wp\/v2\/posts"}],"about":[{"href":"https:\/\/archive.sana.sy\/es\/index.php?rest_route=\/wp\/v2\/types\/post"}],"author":[{"embeddable":true,"href":"https:\/\/archive.sana.sy\/es\/index.php?rest_route=\/wp\/v2\/users\/39"}],"replies":[{"embeddable":true,"href":"https:\/\/archive.sana.sy\/es\/index.php?rest_route=%2Fwp%2Fv2%2Fcomments&post=250931"}],"version-history":[{"count":0,"href":"https:\/\/archive.sana.sy\/es\/index.php?rest_route=\/wp\/v2\/posts\/250931\/revisions"}],"wp:featuredmedia":[{"embeddable":true,"href":"https:\/\/archive.sana.sy\/es\/index.php?rest_route=\/wp\/v2\/media\/250932"}],"wp:attachment":[{"href":"https:\/\/archive.sana.sy\/es\/index.php?rest_route=%2Fwp%2Fv2%2Fmedia&parent=250931"}],"wp:term":[{"taxonomy":"category","embeddable":true,"href":"https:\/\/archive.sana.sy\/es\/index.php?rest_route=%2Fwp%2Fv2%2Fcategories&post=250931"},{"taxonomy":"post_tag","embeddable":true,"href":"https:\/\/archive.sana.sy\/es\/index.php?rest_route=%2Fwp%2Fv2%2Ftags&post=250931"}],"curies":[{"name":"wp","href":"https:\/\/api.w.org\/{rel}","templated":true}]}}