{"id":250951,"date":"2022-09-02T19:26:09","date_gmt":"2022-09-02T16:26:09","guid":{"rendered":"http:\/\/107.6.182.27\/es\/?p=250951"},"modified":"2023-01-10T15:53:48","modified_gmt":"2023-01-10T13:53:48","slug":"250951","status":"publish","type":"post","link":"https:\/\/archive.sana.sy\/es\/?p=250951","title":{"rendered":"Joven palestino es asesinado por disparos israel\u00edes en Hebr\u00f3n"},"content":{"rendered":"<p style=\"text-align: justify;\"><span style=\"color: #800000;\"><strong>Jerusal\u00e9n ocupada, 02 sep (SANA)\u00a0 \u00a0<\/strong><\/span>Un joven palestino fue asesinado a tiros por las fuerzas de ocupaci\u00f3n israel\u00edes, al norte de la ciudad de Hebr\u00f3n en Cisjordania.<\/p>\n<p style=\"text-align: justify;\">La agencia palestina de noticias Wafa, citando al Ministerio de Salud palestino, inform\u00f3 que las fuerzas del ocupante israel\u00ed dispararon a un joven palestino directamente en la entrada de la localidad de Beit Ainun, al norte de Hebr\u00f3n, lo que provoc\u00f3 la lesi\u00f3n del joven y luego su muerte despu\u00e9s de que impidieron que la ambulancia llegara a \u00e9l.<\/p>\n<p style=\"text-align: justify;\">En v\u00edspera, varios palestinos resultaron heridos por disparos de los militares israel\u00edes durante su represi\u00f3n de las manifestaciones contra los asentamientos en varias aldeas de Cisjordania.<\/p>\n<p style=\"text-align: justify;\">sm<\/p>\n","protected":false},"excerpt":{"rendered":"<p>Jerusal\u00e9n ocupada, 02 sep (SANA)\u00a0 \u00a0Un joven palestino fue asesinado a tiros por las fuerzas de ocupaci\u00f3n israel\u00edes, al norte de la ciudad de Hebr\u00f3n en Cisjordania. La agencia palestina de noticias Wafa, citando al Ministerio de Salud palestino, inform\u00f3 que las fuerzas del ocupante israel\u00ed dispararon a un joven palestino directamente en la entrada &hellip;<\/p>\n","protected":false},"author":39,"featured_media":250952,"comment_status":"closed","ping_status":"closed","sticky":false,"template":"","format":"standard","meta":{"footnotes":""},"categories":[597,456,20724,7541],"tags":[],"class_list":["post-250951","post","type-post","status-publish","format-standard","has-post-thumbnail","","category-cinta-de-noticias","category-arabe-internacional-politica","category-minuto-a-minuto","category-ultimas-noticias"],"_links":{"self":[{"href":"https:\/\/archive.sana.sy\/es\/index.php?rest_route=\/wp\/v2\/posts\/250951"}],"collection":[{"href":"https:\/\/archive.sana.sy\/es\/index.php?rest_route=\/wp\/v2\/posts"}],"about":[{"href":"https:\/\/archive.sana.sy\/es\/index.php?rest_route=\/wp\/v2\/types\/post"}],"author":[{"embeddable":true,"href":"https:\/\/archive.sana.sy\/es\/index.php?rest_route=\/wp\/v2\/users\/39"}],"replies":[{"embeddable":true,"href":"https:\/\/archive.sana.sy\/es\/index.php?rest_route=%2Fwp%2Fv2%2Fcomments&post=250951"}],"version-history":[{"count":0,"href":"https:\/\/archive.sana.sy\/es\/index.php?rest_route=\/wp\/v2\/posts\/250951\/revisions"}],"wp:featuredmedia":[{"embeddable":true,"href":"https:\/\/archive.sana.sy\/es\/index.php?rest_route=\/wp\/v2\/media\/250952"}],"wp:attachment":[{"href":"https:\/\/archive.sana.sy\/es\/index.php?rest_route=%2Fwp%2Fv2%2Fmedia&parent=250951"}],"wp:term":[{"taxonomy":"category","embeddable":true,"href":"https:\/\/archive.sana.sy\/es\/index.php?rest_route=%2Fwp%2Fv2%2Fcategories&post=250951"},{"taxonomy":"post_tag","embeddable":true,"href":"https:\/\/archive.sana.sy\/es\/index.php?rest_route=%2Fwp%2Fv2%2Ftags&post=250951"}],"curies":[{"name":"wp","href":"https:\/\/api.w.org\/{rel}","templated":true}]}}