{"id":250975,"date":"2022-09-02T21:14:44","date_gmt":"2022-09-02T18:14:44","guid":{"rendered":"http:\/\/107.6.182.27\/es\/?p=250975"},"modified":"2023-01-10T15:53:48","modified_gmt":"2023-01-10T13:53:48","slug":"que-hay-detras-de-los-tatuajes-neonazis-del-hombre-que-ataco-a-cristina-fernandez","status":"publish","type":"post","link":"https:\/\/archive.sana.sy\/es\/?p=250975","title":{"rendered":"Qu\u00e9 hay detr\u00e1s de los tatuajes neonazis del hombre que atac\u00f3 a Cristina Fern\u00e1ndez"},"content":{"rendered":"<blockquote>\n<p style=\"text-align: justify;\"><span style=\"color: #000000;\"><strong>El joven que intent\u00f3 asesinar a la vicepresidenta argentina, Cristina Fern\u00e1ndez de Kirchner, ten\u00eda tatuados el sol negro y la cruz gamada t\u00edpicas del nazismo. Consultado por Sputnik, el especialista Jorge Elbaum record\u00f3 que los s\u00edmbolos son usados actualmente por nazis ucranianos y advirti\u00f3 que los grupos nazis &#8220;existen en Am\u00e9rica Latina&#8221;.<\/strong><\/span><\/p>\n<\/blockquote>\n<p style=\"text-align: justify;\"><span style=\"color: #800000;\"><strong>Damasco, 02 sep (SANA)<\/strong><\/span>\u00a0 \u00a0El atentado contra la vicepresidenta argentina, Cristina Fern\u00e1ndez de Kirchner, centr\u00f3 la atenci\u00f3n sobre el atacante, un ciudadano brasile\u00f1o de 35 a\u00f1os y de nombre Fernando Andr\u00e9s Sabag Montiel.<\/p>\n<p style=\"text-align: justify;\">Los medios argentinos se encargaron de recordar antecedentes violentos del joven y algunas fugaces apariciones televisivas que lo muestran como un cr\u00edtico de la gesti\u00f3n del kirchnerismo y lo que la derecha llama despectivamente como &#8216;planes sociales&#8217;.<\/p>\n<p style=\"text-align: justify;\">Sin embargo, otro detalle no pas\u00f3 inadvertido del atacante: las fotos del ahora detenido permiten comprobar que lleva tatuajes con simbolog\u00eda nazi. En efecto, en sus manos est\u00e1n tatuados los s\u00edmbolos conocidos como la cruz gamada y el sol negro.<\/p>\n<p style=\"text-align: justify;\">Consultado por Sputnik, el soci\u00f3logo argentino Jorge Elbaum explic\u00f3 que el atacante &#8220;es portador de dos signos que hemos visto en los \u00faltimos meses, sobre todo en tatuajes de militares ucranianos&#8221;.<\/p>\n<p style=\"text-align: justify;\">Elbaum record\u00f3 que el &#8216;sol negro&#8217; \u2014Schwarze Sonne en alem\u00e1n\u2014 es un s\u00edmbolo &#8220;instituido por Heinrich Himmler, jefe de las SS, durante la Segunda Guerra Mundial. En la mano derecha, en tanto, luce la cruz gamada, otro s\u00edmbolo t\u00edpico del nazismo y el neonazismo.<\/p>\n<p style=\"text-align: justify;\">El especialista argentino remarc\u00f3 que ambos s\u00edmbolos no solo son t\u00edpicos de la ideolog\u00eda fundada por Aldolf Hitler sino que actualmente son utilizadas por sus &#8220;versiones ucranianas neonazis&#8221;. En efecto, el sol negro que Montiel lleva tatuado puede verse en el escudo del Batall\u00f3n Azov (prohibido en Rusia), sindicado por cometer cr\u00edmenes de odio contra rusohablantes en el Donb\u00e1s.<\/p>\n<p style=\"text-align: justify;\">Elbaum apunt\u00f3 que &#8220;los mismos grupos que durante 2014 asesinaron a 15.000 rusohablantes en el Donb\u00e1s son admiradores de toda esta tradici\u00f3n genocida que se ha llevado la vida de 28 millones de sovi\u00e9ticos en su momento&#8221;.<br \/>\nEn ese sentido, se\u00f1al\u00f3 que &#8220;los ucronazis son admiradores de esta simbolog\u00eda y han perseguido y tratado de hacer una limpieza \u00e9tica sobre esta comunidad ling\u00fc\u00edstica tambi\u00e9n existente en Ucrania&#8221;.<\/p>\n<p style=\"text-align: justify;\">El especialista se\u00f1al\u00f3 que no debe perderse de vista que estos grupos neonazis, y directamente nazis, &#8220;existen en Am\u00e9rica Latina&#8221; y que suelen estar &#8220;ligados a la tradici\u00f3n atlantista de la OTAN&#8221;.<\/p>\n<p style=\"text-align: justify;\">&#8220;Por eso hemos conocido que muchos latinoamericanos se han ofrecido como voluntarios para pelear junto a los nazis ucranianos desde 2014 para ac\u00e1&#8221;, complement\u00f3.<\/p>\n<p style=\"text-align: justify;\">En ese marco, Elbaum consider\u00f3 que &#8220;los s\u00edmbolos tatuados en el cuerpo de Montiel no deben generarnos ning\u00fan asombro&#8221; sino que, por el contrario, &#8220;son parte de una l\u00f3gica de odio que, en Argentina, tiene al kirchnerismo y a su jefa, Cristina Fern\u00e1ndez de Kirchner, como destinataria del odio&#8221;.<\/p>\n<p style=\"text-align: justify;\">\n<p style=\"text-align: justify;\"><span style=\"color: #0000ff;\"><strong>Fuente: Sputnik\u00a0<\/strong><\/span><\/p>\n","protected":false},"excerpt":{"rendered":"<p>El joven que intent\u00f3 asesinar a la vicepresidenta argentina, Cristina Fern\u00e1ndez de Kirchner, ten\u00eda tatuados el sol negro y la cruz gamada t\u00edpicas del nazismo. Consultado por Sputnik, el especialista Jorge Elbaum record\u00f3 que los s\u00edmbolos son usados actualmente por nazis ucranianos y advirti\u00f3 que los grupos nazis &#8220;existen en Am\u00e9rica Latina&#8221;. Damasco, 02 sep &hellip;<\/p>\n","protected":false},"author":31,"featured_media":250976,"comment_status":"closed","ping_status":"closed","sticky":false,"template":"","format":"standard","meta":{"footnotes":""},"categories":[16929,597,456,20724],"tags":[],"class_list":["post-250975","post","type-post","status-publish","format-standard","has-post-thumbnail","","category-articulos-de-opinion","category-cinta-de-noticias","category-arabe-internacional-politica","category-minuto-a-minuto"],"_links":{"self":[{"href":"https:\/\/archive.sana.sy\/es\/index.php?rest_route=\/wp\/v2\/posts\/250975"}],"collection":[{"href":"https:\/\/archive.sana.sy\/es\/index.php?rest_route=\/wp\/v2\/posts"}],"about":[{"href":"https:\/\/archive.sana.sy\/es\/index.php?rest_route=\/wp\/v2\/types\/post"}],"author":[{"embeddable":true,"href":"https:\/\/archive.sana.sy\/es\/index.php?rest_route=\/wp\/v2\/users\/31"}],"replies":[{"embeddable":true,"href":"https:\/\/archive.sana.sy\/es\/index.php?rest_route=%2Fwp%2Fv2%2Fcomments&post=250975"}],"version-history":[{"count":0,"href":"https:\/\/archive.sana.sy\/es\/index.php?rest_route=\/wp\/v2\/posts\/250975\/revisions"}],"wp:featuredmedia":[{"embeddable":true,"href":"https:\/\/archive.sana.sy\/es\/index.php?rest_route=\/wp\/v2\/media\/250976"}],"wp:attachment":[{"href":"https:\/\/archive.sana.sy\/es\/index.php?rest_route=%2Fwp%2Fv2%2Fmedia&parent=250975"}],"wp:term":[{"taxonomy":"category","embeddable":true,"href":"https:\/\/archive.sana.sy\/es\/index.php?rest_route=%2Fwp%2Fv2%2Fcategories&post=250975"},{"taxonomy":"post_tag","embeddable":true,"href":"https:\/\/archive.sana.sy\/es\/index.php?rest_route=%2Fwp%2Fv2%2Ftags&post=250975"}],"curies":[{"name":"wp","href":"https:\/\/api.w.org\/{rel}","templated":true}]}}