{"id":250981,"date":"2022-09-03T13:03:44","date_gmt":"2022-09-03T10:03:44","guid":{"rendered":"http:\/\/107.6.182.27\/es\/?p=250981"},"modified":"2022-09-03T19:53:34","modified_gmt":"2022-09-03T16:53:34","slug":"37-millones-de-ninos-sirios-inician-el-curso-escolar-este-domingo","status":"publish","type":"post","link":"https:\/\/archive.sana.sy\/es\/?p=250981","title":{"rendered":"3,7 millones de ni\u00f1os sirios inician el curso escolar este domingo"},"content":{"rendered":"<p style=\"text-align: justify;\"><span style=\"color: #800000;\"><strong>Damasco, 03 sep (SANA)\u00a0<\/strong><\/span> 3 millones 651 mil 923 alumnos sirios de los diferentes niveles educativos, se dirigen este domingo 4 de septiembre, a 13 mil 660 escuelas y centros educativos.<\/p>\n<p style=\"text-align: justify;\">En declaraciones a SANA el ministro de Educaci\u00f3n, Darem Tabbaa, revel\u00f3 las siguientes cifras:<\/p>\n<p style=\"text-align: justify;\">&#8211; 133,677 ni\u00f1os y ni\u00f1as est\u00e1n en la etapa prescolar en 2,332 guarder\u00edas.<\/p>\n<p style=\"text-align: justify;\">&#8211; 3,035,882 estudiantes en la fase de educaci\u00f3n b\u00e1sica (de primer a noveno grado) en 9,147 escuelas.<\/p>\n<p style=\"text-align: justify;\">&#8211; 371.384 estudiantes de educaci\u00f3n secundaria (preuniversitaria) en 1,629 escuelas.<\/p>\n<p style=\"text-align: justify;\">&#8211; 83.873 estudiantes en 479 escuelas de formaci\u00f3n profesional.<\/p>\n<p style=\"text-align: justify;\">Revel\u00f3 que hay 8,733 escuelas fuera de servicio, de los cuales 457 quedaron completamente destruidas, y se trabajar\u00e1 para rehabilitar 400 edificios escolares durante el pr\u00f3ximo a\u00f1o con el objetivo de acomodar a los alumnos y estudiantes y reducir la densidad en las clases.<\/p>\n<p style=\"text-align: justify;\">fm\/sm<\/p>\n","protected":false},"excerpt":{"rendered":"<p>Damasco, 03 sep (SANA)\u00a0 3 millones 651 mil 923 alumnos sirios de los diferentes niveles educativos, se dirigen este domingo 4 de septiembre, a 13 mil 660 escuelas y centros educativos. En declaraciones a SANA el ministro de Educaci\u00f3n, Darem Tabbaa, revel\u00f3 las siguientes cifras: &#8211; 133,677 ni\u00f1os y ni\u00f1as est\u00e1n en la etapa prescolar &hellip;<\/p>\n","protected":false},"author":39,"featured_media":251010,"comment_status":"closed","ping_status":"closed","sticky":false,"template":"","format":"standard","meta":{"footnotes":""},"categories":[597,476,583],"tags":[],"class_list":["post-250981","post","type-post","status-publish","format-standard","has-post-thumbnail","","category-cinta-de-noticias","category-locales","category-slide"],"_links":{"self":[{"href":"https:\/\/archive.sana.sy\/es\/index.php?rest_route=\/wp\/v2\/posts\/250981"}],"collection":[{"href":"https:\/\/archive.sana.sy\/es\/index.php?rest_route=\/wp\/v2\/posts"}],"about":[{"href":"https:\/\/archive.sana.sy\/es\/index.php?rest_route=\/wp\/v2\/types\/post"}],"author":[{"embeddable":true,"href":"https:\/\/archive.sana.sy\/es\/index.php?rest_route=\/wp\/v2\/users\/39"}],"replies":[{"embeddable":true,"href":"https:\/\/archive.sana.sy\/es\/index.php?rest_route=%2Fwp%2Fv2%2Fcomments&post=250981"}],"version-history":[{"count":0,"href":"https:\/\/archive.sana.sy\/es\/index.php?rest_route=\/wp\/v2\/posts\/250981\/revisions"}],"wp:featuredmedia":[{"embeddable":true,"href":"https:\/\/archive.sana.sy\/es\/index.php?rest_route=\/wp\/v2\/media\/251010"}],"wp:attachment":[{"href":"https:\/\/archive.sana.sy\/es\/index.php?rest_route=%2Fwp%2Fv2%2Fmedia&parent=250981"}],"wp:term":[{"taxonomy":"category","embeddable":true,"href":"https:\/\/archive.sana.sy\/es\/index.php?rest_route=%2Fwp%2Fv2%2Fcategories&post=250981"},{"taxonomy":"post_tag","embeddable":true,"href":"https:\/\/archive.sana.sy\/es\/index.php?rest_route=%2Fwp%2Fv2%2Ftags&post=250981"}],"curies":[{"name":"wp","href":"https:\/\/api.w.org\/{rel}","templated":true}]}}