{"id":251000,"date":"2022-09-03T08:53:12","date_gmt":"2022-09-03T05:53:12","guid":{"rendered":"http:\/\/107.6.182.27\/es\/?p=251000"},"modified":"2023-01-10T15:53:47","modified_gmt":"2023-01-10T13:53:47","slug":"el-ejercito-ruso-derriba-un-dron-ucraniano-cerca-de-la-central-nuclear-de-zaporozhye","status":"publish","type":"post","link":"https:\/\/archive.sana.sy\/es\/?p=251000","title":{"rendered":"El ej\u00e9rcito ruso derriba un dron ucraniano cerca de la central nuclear de Zaporozhye"},"content":{"rendered":"<p style=\"text-align: justify;\"><span style=\"color: #800000;\"><strong>Mosc\u00fa, 03 sep (SANA)\u00a0<\/strong> <\/span>Las autoridades de la ciudad de Energodar en la regi\u00f3n de Zaporozhye anunciaron que el ej\u00e9rcito ruso derrib\u00f3 un dron ucraniano equipado con municiones cerca de la planta nuclear.<\/p>\n<p style=\"text-align: justify;\">&#8220;El avi\u00f3n no tripulado fue derribado a cientos de metros de la instalaci\u00f3n&#8221;, difundi\u00f3 la agencia de noticias RIA Novosti citando a las autoridades de la referida.<\/p>\n<p style=\"text-align: justify;\">Agregaron que los &#8220;militares contin\u00faan sus intentos de atacar la planta a pesar de la presencia de empleados de la Agencia Internacional de Energ\u00eda At\u00f3mica all\u00ed&#8221;.<\/p>\n<p style=\"text-align: justify;\">fm\/sm<\/p>\n","protected":false},"excerpt":{"rendered":"<p>Mosc\u00fa, 03 sep (SANA)\u00a0 Las autoridades de la ciudad de Energodar en la regi\u00f3n de Zaporozhye anunciaron que el ej\u00e9rcito ruso derrib\u00f3 un dron ucraniano equipado con municiones cerca de la planta nuclear. &#8220;El avi\u00f3n no tripulado fue derribado a cientos de metros de la instalaci\u00f3n&#8221;, difundi\u00f3 la agencia de noticias RIA Novosti citando a &hellip;<\/p>\n","protected":false},"author":39,"featured_media":251001,"comment_status":"closed","ping_status":"closed","sticky":false,"template":"","format":"standard","meta":{"footnotes":""},"categories":[597,456,20724,7541],"tags":[],"class_list":["post-251000","post","type-post","status-publish","format-standard","has-post-thumbnail","","category-cinta-de-noticias","category-arabe-internacional-politica","category-minuto-a-minuto","category-ultimas-noticias"],"_links":{"self":[{"href":"https:\/\/archive.sana.sy\/es\/index.php?rest_route=\/wp\/v2\/posts\/251000"}],"collection":[{"href":"https:\/\/archive.sana.sy\/es\/index.php?rest_route=\/wp\/v2\/posts"}],"about":[{"href":"https:\/\/archive.sana.sy\/es\/index.php?rest_route=\/wp\/v2\/types\/post"}],"author":[{"embeddable":true,"href":"https:\/\/archive.sana.sy\/es\/index.php?rest_route=\/wp\/v2\/users\/39"}],"replies":[{"embeddable":true,"href":"https:\/\/archive.sana.sy\/es\/index.php?rest_route=%2Fwp%2Fv2%2Fcomments&post=251000"}],"version-history":[{"count":0,"href":"https:\/\/archive.sana.sy\/es\/index.php?rest_route=\/wp\/v2\/posts\/251000\/revisions"}],"wp:featuredmedia":[{"embeddable":true,"href":"https:\/\/archive.sana.sy\/es\/index.php?rest_route=\/wp\/v2\/media\/251001"}],"wp:attachment":[{"href":"https:\/\/archive.sana.sy\/es\/index.php?rest_route=%2Fwp%2Fv2%2Fmedia&parent=251000"}],"wp:term":[{"taxonomy":"category","embeddable":true,"href":"https:\/\/archive.sana.sy\/es\/index.php?rest_route=%2Fwp%2Fv2%2Fcategories&post=251000"},{"taxonomy":"post_tag","embeddable":true,"href":"https:\/\/archive.sana.sy\/es\/index.php?rest_route=%2Fwp%2Fv2%2Ftags&post=251000"}],"curies":[{"name":"wp","href":"https:\/\/api.w.org\/{rel}","templated":true}]}}