{"id":251006,"date":"2022-09-03T10:25:36","date_gmt":"2022-09-03T07:25:36","guid":{"rendered":"http:\/\/107.6.182.27\/es\/?p=251006"},"modified":"2023-01-10T15:53:47","modified_gmt":"2023-01-10T13:53:47","slug":"muere-un-preso-palestino-en-carceles-israelies","status":"publish","type":"post","link":"https:\/\/archive.sana.sy\/es\/?p=251006","title":{"rendered":"Muere un preso palestino en c\u00e1rceles israel\u00edes"},"content":{"rendered":"<p style=\"text-align: justify;\"><span style=\"color: #800000;\"><strong>Jerusal\u00e9n ocupada, 03 sep (SANA)\u00a0 \u00a0<\/strong> <\/span>El preso palestino en c\u00e1rceles del ocupante israel\u00ed, Musa Haroun Abu Mahamid, perdi\u00f3 su vida en la madrugada de hoy como resultado de la tortura f\u00edsica y psicol\u00f3gica y la negligencia m\u00e9dica deliberada por parte de las autoridades de ocupaci\u00f3n contra los prisioneros.<\/p>\n<p style=\"text-align: justify;\">En un comunicado, el Club de Prisioneros Palestinos anunci\u00f3 la muerte del preso, Musa Haroun Abu Mahamid, de \u201c40 a\u00f1os\u201d, del pueblo de Beit Tamar, al este de Bel\u00e9n, como resultado de la pol\u00edtica deliberada de negligencia m\u00e9dica seguida por las autoridades de ocupaci\u00f3n contra los presos enfermos.<\/p>\n<p style=\"text-align: justify;\">Se\u00f1alando que Mahamid fue arrestado cuando ingresaba a la ciudad ocupada de Jerusal\u00e9n, y a lo que fue sometido durante su detenci\u00f3n es un delito que se suma a los continuos delitos del ocupante sionista.<\/p>\n<p style=\"text-align: justify;\">La Entidad responsabiliz\u00f3 plenamente a las autoridades de ocupaci\u00f3n israel\u00edes por la muerte del prisionero, Abu Mahamid, y pidi\u00f3 a la comunidad internacional y a las organizaciones de derechos humanos que intervinieran para proteger a los prisioneros palestinos en las c\u00e1celes israel\u00edes.<\/p>\n<p style=\"text-align: justify;\">sm<\/p>\n","protected":false},"excerpt":{"rendered":"<p>Jerusal\u00e9n ocupada, 03 sep (SANA)\u00a0 \u00a0 El preso palestino en c\u00e1rceles del ocupante israel\u00ed, Musa Haroun Abu Mahamid, perdi\u00f3 su vida en la madrugada de hoy como resultado de la tortura f\u00edsica y psicol\u00f3gica y la negligencia m\u00e9dica deliberada por parte de las autoridades de ocupaci\u00f3n contra los prisioneros. En un comunicado, el Club de &hellip;<\/p>\n","protected":false},"author":39,"featured_media":251007,"comment_status":"closed","ping_status":"closed","sticky":false,"template":"","format":"standard","meta":{"footnotes":""},"categories":[597,456,20724,7541],"tags":[],"class_list":["post-251006","post","type-post","status-publish","format-standard","has-post-thumbnail","","category-cinta-de-noticias","category-arabe-internacional-politica","category-minuto-a-minuto","category-ultimas-noticias"],"_links":{"self":[{"href":"https:\/\/archive.sana.sy\/es\/index.php?rest_route=\/wp\/v2\/posts\/251006"}],"collection":[{"href":"https:\/\/archive.sana.sy\/es\/index.php?rest_route=\/wp\/v2\/posts"}],"about":[{"href":"https:\/\/archive.sana.sy\/es\/index.php?rest_route=\/wp\/v2\/types\/post"}],"author":[{"embeddable":true,"href":"https:\/\/archive.sana.sy\/es\/index.php?rest_route=\/wp\/v2\/users\/39"}],"replies":[{"embeddable":true,"href":"https:\/\/archive.sana.sy\/es\/index.php?rest_route=%2Fwp%2Fv2%2Fcomments&post=251006"}],"version-history":[{"count":0,"href":"https:\/\/archive.sana.sy\/es\/index.php?rest_route=\/wp\/v2\/posts\/251006\/revisions"}],"wp:featuredmedia":[{"embeddable":true,"href":"https:\/\/archive.sana.sy\/es\/index.php?rest_route=\/wp\/v2\/media\/251007"}],"wp:attachment":[{"href":"https:\/\/archive.sana.sy\/es\/index.php?rest_route=%2Fwp%2Fv2%2Fmedia&parent=251006"}],"wp:term":[{"taxonomy":"category","embeddable":true,"href":"https:\/\/archive.sana.sy\/es\/index.php?rest_route=%2Fwp%2Fv2%2Fcategories&post=251006"},{"taxonomy":"post_tag","embeddable":true,"href":"https:\/\/archive.sana.sy\/es\/index.php?rest_route=%2Fwp%2Fv2%2Ftags&post=251006"}],"curies":[{"name":"wp","href":"https:\/\/api.w.org\/{rel}","templated":true}]}}