{"id":251011,"date":"2022-09-03T11:12:16","date_gmt":"2022-09-03T08:12:16","guid":{"rendered":"http:\/\/107.6.182.27\/es\/?p=251011"},"modified":"2023-01-10T15:53:47","modified_gmt":"2023-01-10T13:53:47","slug":"rusia-pide-ampliar-cooperacion-internacional-en-la-lucha-contra-el-terrorismo","status":"publish","type":"post","link":"https:\/\/archive.sana.sy\/es\/?p=251011","title":{"rendered":"Rusia pide ampliar cooperaci\u00f3n internacional en la lucha contra el terrorismo"},"content":{"rendered":"<p style=\"text-align: justify;\"><span style=\"color: #800000;\"><strong>Mosc\u00fa, 03 sep (SANA)\u00a0 \u00a0<\/strong> <\/span>La presidenta del Consejo de la Federaci\u00f3n Rusa, Valentina Matvienko, pidi\u00f3 la expansi\u00f3n de la cooperaci\u00f3n internacional de la lucha contra el terrorismo y la elevaci\u00f3n del di\u00e1logo entre pol\u00edticos a un nuevo nivel.<\/p>\n<p style=\"text-align: justify;\">\u201cLa cooperaci\u00f3n internacional, el intercambio de experiencias y el di\u00e1logo entre pol\u00edticos, l\u00edderes y representantes de la sociedad civil deben expandirse a un nivel cualitativamente nuevo\u201d, dijo Matvienko en un mensaje con motivo del D\u00eda de la Solidaridad en la Lucha contra el Terrorismo, seg\u00fan inform\u00f3 la agencia TASS.<\/p>\n<p style=\"text-align: justify;\">La titular rusa, llam\u00f3 la atenci\u00f3n sobre la importancia de una evaluaci\u00f3n clara y una postura firme sobre el terrorismo, que es un mal social que desaf\u00eda a la civilizaci\u00f3n moderna, obstaculiza la vida de las personas y da\u00f1a el patrimonio espiritual y cultural de la humanidad.<\/p>\n<p style=\"text-align: justify;\">sm<\/p>\n","protected":false},"excerpt":{"rendered":"<p>Mosc\u00fa, 03 sep (SANA)\u00a0 \u00a0 La presidenta del Consejo de la Federaci\u00f3n Rusa, Valentina Matvienko, pidi\u00f3 la expansi\u00f3n de la cooperaci\u00f3n internacional de la lucha contra el terrorismo y la elevaci\u00f3n del di\u00e1logo entre pol\u00edticos a un nuevo nivel. \u201cLa cooperaci\u00f3n internacional, el intercambio de experiencias y el di\u00e1logo entre pol\u00edticos, l\u00edderes y representantes de &hellip;<\/p>\n","protected":false},"author":39,"featured_media":251012,"comment_status":"closed","ping_status":"closed","sticky":false,"template":"","format":"standard","meta":{"footnotes":""},"categories":[597,456,20724,7541],"tags":[],"class_list":["post-251011","post","type-post","status-publish","format-standard","has-post-thumbnail","","category-cinta-de-noticias","category-arabe-internacional-politica","category-minuto-a-minuto","category-ultimas-noticias"],"_links":{"self":[{"href":"https:\/\/archive.sana.sy\/es\/index.php?rest_route=\/wp\/v2\/posts\/251011"}],"collection":[{"href":"https:\/\/archive.sana.sy\/es\/index.php?rest_route=\/wp\/v2\/posts"}],"about":[{"href":"https:\/\/archive.sana.sy\/es\/index.php?rest_route=\/wp\/v2\/types\/post"}],"author":[{"embeddable":true,"href":"https:\/\/archive.sana.sy\/es\/index.php?rest_route=\/wp\/v2\/users\/39"}],"replies":[{"embeddable":true,"href":"https:\/\/archive.sana.sy\/es\/index.php?rest_route=%2Fwp%2Fv2%2Fcomments&post=251011"}],"version-history":[{"count":0,"href":"https:\/\/archive.sana.sy\/es\/index.php?rest_route=\/wp\/v2\/posts\/251011\/revisions"}],"wp:featuredmedia":[{"embeddable":true,"href":"https:\/\/archive.sana.sy\/es\/index.php?rest_route=\/wp\/v2\/media\/251012"}],"wp:attachment":[{"href":"https:\/\/archive.sana.sy\/es\/index.php?rest_route=%2Fwp%2Fv2%2Fmedia&parent=251011"}],"wp:term":[{"taxonomy":"category","embeddable":true,"href":"https:\/\/archive.sana.sy\/es\/index.php?rest_route=%2Fwp%2Fv2%2Fcategories&post=251011"},{"taxonomy":"post_tag","embeddable":true,"href":"https:\/\/archive.sana.sy\/es\/index.php?rest_route=%2Fwp%2Fv2%2Ftags&post=251011"}],"curies":[{"name":"wp","href":"https:\/\/api.w.org\/{rel}","templated":true}]}}