{"id":251021,"date":"2022-09-03T12:56:18","date_gmt":"2022-09-03T09:56:18","guid":{"rendered":"http:\/\/107.6.182.27\/es\/?p=251021"},"modified":"2023-01-10T15:53:46","modified_gmt":"2023-01-10T13:53:46","slug":"251021","status":"publish","type":"post","link":"https:\/\/archive.sana.sy\/es\/?p=251021","title":{"rendered":"Fuerzas de Lugansk anuncian la eliminaci\u00f3n de 30 soldados ucranianos"},"content":{"rendered":"<p style=\"text-align: justify;\"><span style=\"color: #800000;\"><strong>Lugansk, 03 sep (SANA) <\/strong><\/span>El Comando de las Fuerzas de la Rep\u00fablica Popular de Lugansk anunci\u00f3 la neutralizaci\u00f3n de 30 soldados ucranianos durante los combates que se desarrollaron en las \u00faltimas 24 horas.<\/p>\n<p style=\"text-align: justify;\">Adem\u00e1s, el ej\u00e9rcito ucraniano perdi\u00f3 un tanque, dos veh\u00edculos blindados de transporte de personal y tres ca\u00f1ones, seg\u00fan detall\u00f3 el Comando dijo el mediante un comunicado difundido por la agencia RIA Novosti.<\/p>\n<p style=\"text-align: justify;\">En v\u00edspera, el ej\u00e9rcito de Lugansk anunci\u00f3 que las fuerzas ucranianas hab\u00edan perdido alrededor de 45 combatientes, dos tanques y cinco veh\u00edculos blindados de transporte de personal.<\/p>\n<p style=\"text-align: justify;\">sm<\/p>\n","protected":false},"excerpt":{"rendered":"<p>Lugansk, 03 sep (SANA) El Comando de las Fuerzas de la Rep\u00fablica Popular de Lugansk anunci\u00f3 la neutralizaci\u00f3n de 30 soldados ucranianos durante los combates que se desarrollaron en las \u00faltimas 24 horas. Adem\u00e1s, el ej\u00e9rcito ucraniano perdi\u00f3 un tanque, dos veh\u00edculos blindados de transporte de personal y tres ca\u00f1ones, seg\u00fan detall\u00f3 el Comando dijo &hellip;<\/p>\n","protected":false},"author":39,"featured_media":251022,"comment_status":"closed","ping_status":"closed","sticky":false,"template":"","format":"standard","meta":{"footnotes":""},"categories":[597,456,20724,7541],"tags":[],"class_list":["post-251021","post","type-post","status-publish","format-standard","has-post-thumbnail","","category-cinta-de-noticias","category-arabe-internacional-politica","category-minuto-a-minuto","category-ultimas-noticias"],"_links":{"self":[{"href":"https:\/\/archive.sana.sy\/es\/index.php?rest_route=\/wp\/v2\/posts\/251021"}],"collection":[{"href":"https:\/\/archive.sana.sy\/es\/index.php?rest_route=\/wp\/v2\/posts"}],"about":[{"href":"https:\/\/archive.sana.sy\/es\/index.php?rest_route=\/wp\/v2\/types\/post"}],"author":[{"embeddable":true,"href":"https:\/\/archive.sana.sy\/es\/index.php?rest_route=\/wp\/v2\/users\/39"}],"replies":[{"embeddable":true,"href":"https:\/\/archive.sana.sy\/es\/index.php?rest_route=%2Fwp%2Fv2%2Fcomments&post=251021"}],"version-history":[{"count":0,"href":"https:\/\/archive.sana.sy\/es\/index.php?rest_route=\/wp\/v2\/posts\/251021\/revisions"}],"wp:featuredmedia":[{"embeddable":true,"href":"https:\/\/archive.sana.sy\/es\/index.php?rest_route=\/wp\/v2\/media\/251022"}],"wp:attachment":[{"href":"https:\/\/archive.sana.sy\/es\/index.php?rest_route=%2Fwp%2Fv2%2Fmedia&parent=251021"}],"wp:term":[{"taxonomy":"category","embeddable":true,"href":"https:\/\/archive.sana.sy\/es\/index.php?rest_route=%2Fwp%2Fv2%2Fcategories&post=251021"},{"taxonomy":"post_tag","embeddable":true,"href":"https:\/\/archive.sana.sy\/es\/index.php?rest_route=%2Fwp%2Fv2%2Ftags&post=251021"}],"curies":[{"name":"wp","href":"https:\/\/api.w.org\/{rel}","templated":true}]}}