{"id":25103,"date":"2015-06-15T19:44:10","date_gmt":"2015-06-15T16:44:10","guid":{"rendered":"http:\/\/sana.sy\/es\/?p=25103"},"modified":"2015-06-15T19:44:10","modified_gmt":"2015-06-15T16:44:10","slug":"al-moallem-recibe-al-enviado-especial-de-la-onu-a-siria","status":"publish","type":"post","link":"https:\/\/archive.sana.sy\/es\/?p=25103","title":{"rendered":"Al-Moallem recibe al enviado especial de la ONU a Siria"},"content":{"rendered":"<p>Damasco-SANA<\/p>\n<p>El canciller sirio Walid Al-Moallem recibi\u00f3 hoy al enviado especial de la Organizaci\u00f3n de las Naciones Unidas a Siria Staffan De Mistura y la delegaci\u00f3n que lo acompa\u00f1a.<\/p>\n<p>De Mistura inform\u00f3 al Ministro de Exteriores y Expatriados, Walid al-Moallem sobre las conversaciones consultivas que mantuvo recientemente en la ciudad suiza de Ginebra.<\/p>\n<p>Durante la reuni\u00f3n, Al-Moallem, hizo una presentaci\u00f3n sobre los \u00faltimos acontecimientos en Siria, y ratific\u00f3 su apoyo a los esfuerzos realizados por De Mistura para encontrar una soluci\u00f3n pol\u00edtica a la crisis de Siria.<\/p>\n<p>Asimismo destac\u00f3 la importancia de los resultados de los encuentros consultivos de Mosc\u00fa y la necesidad de dar seguimiento a los mismos para garantizar el \u00e9xito de Ginebra 3.<\/p>\n<p>Yamil K.<\/p>\n","protected":false},"excerpt":{"rendered":"<p>Damasco-SANA El canciller sirio Walid Al-Moallem recibi\u00f3 hoy al enviado especial de la Organizaci\u00f3n de las Naciones Unidas a Siria Staffan De Mistura y la delegaci\u00f3n que lo acompa\u00f1a. De Mistura inform\u00f3 al Ministro de Exteriores y Expatriados, Walid al-Moallem sobre las conversaciones consultivas que mantuvo recientemente en la ciudad suiza de Ginebra. Durante la &hellip;<\/p>\n","protected":false},"author":1,"featured_media":25104,"comment_status":"closed","ping_status":"closed","sticky":false,"template":"","format":"standard","meta":{"footnotes":""},"categories":[456,457,576],"tags":[],"class_list":["post-25103","post","type-post","status-publish","format-standard","has-post-thumbnail","","category-arabe-internacional-politica","category-noticias-arabe-internacional-politica","category-noticias-politicas"],"_links":{"self":[{"href":"https:\/\/archive.sana.sy\/es\/index.php?rest_route=\/wp\/v2\/posts\/25103"}],"collection":[{"href":"https:\/\/archive.sana.sy\/es\/index.php?rest_route=\/wp\/v2\/posts"}],"about":[{"href":"https:\/\/archive.sana.sy\/es\/index.php?rest_route=\/wp\/v2\/types\/post"}],"author":[{"embeddable":true,"href":"https:\/\/archive.sana.sy\/es\/index.php?rest_route=\/wp\/v2\/users\/1"}],"replies":[{"embeddable":true,"href":"https:\/\/archive.sana.sy\/es\/index.php?rest_route=%2Fwp%2Fv2%2Fcomments&post=25103"}],"version-history":[{"count":0,"href":"https:\/\/archive.sana.sy\/es\/index.php?rest_route=\/wp\/v2\/posts\/25103\/revisions"}],"wp:featuredmedia":[{"embeddable":true,"href":"https:\/\/archive.sana.sy\/es\/index.php?rest_route=\/wp\/v2\/media\/25104"}],"wp:attachment":[{"href":"https:\/\/archive.sana.sy\/es\/index.php?rest_route=%2Fwp%2Fv2%2Fmedia&parent=25103"}],"wp:term":[{"taxonomy":"category","embeddable":true,"href":"https:\/\/archive.sana.sy\/es\/index.php?rest_route=%2Fwp%2Fv2%2Fcategories&post=25103"},{"taxonomy":"post_tag","embeddable":true,"href":"https:\/\/archive.sana.sy\/es\/index.php?rest_route=%2Fwp%2Fv2%2Ftags&post=25103"}],"curies":[{"name":"wp","href":"https:\/\/api.w.org\/{rel}","templated":true}]}}