{"id":25108,"date":"2015-06-15T20:11:51","date_gmt":"2015-06-15T17:11:51","guid":{"rendered":"http:\/\/sana.sy\/es\/?p=25108"},"modified":"2015-06-15T20:11:51","modified_gmt":"2015-06-15T17:11:51","slug":"sira-y-oxfam-examinan-cooperacion-bilateral","status":"publish","type":"post","link":"https:\/\/archive.sana.sy\/es\/?p=25108","title":{"rendered":"Sira y OXFAM examinan cooperaci\u00f3n bilateral"},"content":{"rendered":"<p>Damasco-SANA<\/p>\n<p>El ministro de Asuntos Sociales Kinda al-Shammat se encontr\u00f3 con el lunes con el director general de la organizaci\u00f3n de OXFAM, Marcos Goldring y la delegaci\u00f3n que le acompa\u00f1a.<\/p>\n<p>Ambos lados examinaron los mecanismos para activar la cooperaci\u00f3n en los campos de las campa\u00f1as de sensibilizaci\u00f3n e higiene y del desarrollo de las capacidades y habilidades a trav\u00e9s de la organizaci\u00f3n de cursos de formaci\u00f3n que permiten a las personas que perdieron sus puestos de trabajo a sostenerse por s\u00ed mismos.<\/p>\n<p>Goldring se\u00f1al\u00f3 que OXFAM ha centrado sus actividades en Siria, en el sector de agua y en apoyar a los ciudadanos desplazados quienes perdieron sus hogares debido a las circunstancias actuales, afirmando que la organizaci\u00f3n seguir\u00e1 cooperando con el Ministerio para elaborar planes encaminados a proporcionar ayudas a las personas m\u00e1s necesitadas.<\/p>\n<p>Yamil K.<\/p>\n","protected":false},"excerpt":{"rendered":"<p>Damasco-SANA El ministro de Asuntos Sociales Kinda al-Shammat se encontr\u00f3 con el lunes con el director general de la organizaci\u00f3n de OXFAM, Marcos Goldring y la delegaci\u00f3n que le acompa\u00f1a. Ambos lados examinaron los mecanismos para activar la cooperaci\u00f3n en los campos de las campa\u00f1as de sensibilizaci\u00f3n e higiene y del desarrollo de las capacidades &hellip;<\/p>\n","protected":false},"author":1,"featured_media":25109,"comment_status":"closed","ping_status":"closed","sticky":false,"template":"","format":"standard","meta":{"footnotes":""},"categories":[477,476],"tags":[],"class_list":["post-25108","post","type-post","status-publish","format-standard","has-post-thumbnail","","category-noticias-edulcorantes","category-locales"],"_links":{"self":[{"href":"https:\/\/archive.sana.sy\/es\/index.php?rest_route=\/wp\/v2\/posts\/25108"}],"collection":[{"href":"https:\/\/archive.sana.sy\/es\/index.php?rest_route=\/wp\/v2\/posts"}],"about":[{"href":"https:\/\/archive.sana.sy\/es\/index.php?rest_route=\/wp\/v2\/types\/post"}],"author":[{"embeddable":true,"href":"https:\/\/archive.sana.sy\/es\/index.php?rest_route=\/wp\/v2\/users\/1"}],"replies":[{"embeddable":true,"href":"https:\/\/archive.sana.sy\/es\/index.php?rest_route=%2Fwp%2Fv2%2Fcomments&post=25108"}],"version-history":[{"count":0,"href":"https:\/\/archive.sana.sy\/es\/index.php?rest_route=\/wp\/v2\/posts\/25108\/revisions"}],"wp:featuredmedia":[{"embeddable":true,"href":"https:\/\/archive.sana.sy\/es\/index.php?rest_route=\/wp\/v2\/media\/25109"}],"wp:attachment":[{"href":"https:\/\/archive.sana.sy\/es\/index.php?rest_route=%2Fwp%2Fv2%2Fmedia&parent=25108"}],"wp:term":[{"taxonomy":"category","embeddable":true,"href":"https:\/\/archive.sana.sy\/es\/index.php?rest_route=%2Fwp%2Fv2%2Fcategories&post=25108"},{"taxonomy":"post_tag","embeddable":true,"href":"https:\/\/archive.sana.sy\/es\/index.php?rest_route=%2Fwp%2Fv2%2Ftags&post=25108"}],"curies":[{"name":"wp","href":"https:\/\/api.w.org\/{rel}","templated":true}]}}