{"id":251147,"date":"2022-09-04T18:30:51","date_gmt":"2022-09-04T15:30:51","guid":{"rendered":"http:\/\/107.6.182.27\/es\/?p=251147"},"modified":"2022-09-04T21:35:53","modified_gmt":"2022-09-04T18:35:53","slug":"un-helicoptero-militar-se-estrella-en-hama-y-muere-toda-su-tripulacion","status":"publish","type":"post","link":"https:\/\/archive.sana.sy\/es\/?p=251147","title":{"rendered":"Un helic\u00f3ptero militar se estrella en Hama y muere toda su tripulaci\u00f3n"},"content":{"rendered":"<p style=\"text-align: justify;\"><span style=\"color: #800000;\"><strong>Damasco, 4 sep (SANA)<\/strong><\/span>\u00a0 Un helic\u00f3ptero del ej\u00e9rcito sirio cay\u00f3 este domingo en el noreste de la ciudad de Hama, en el centro del pa\u00eds.<\/p>\n<p style=\"text-align: justify;\">Una fuente militar anunci\u00f3 que la aeronave se precipit\u00f3 a tierra a consecuencia de un fallo t\u00e9cnico mientras estaba en una misi\u00f3n de entrenamiento.<\/p>\n<p style=\"text-align: justify;\">El incidente, seg\u00fan la fuente, caus\u00f3 la muerte de la tripulaci\u00f3n del helic\u00f3ptero.<\/p>\n<p style=\"text-align: justify;\"><em><strong>fm\/ws<\/strong><\/em><\/p>\n","protected":false},"excerpt":{"rendered":"<p>Damasco, 4 sep (SANA)\u00a0 Un helic\u00f3ptero del ej\u00e9rcito sirio cay\u00f3 este domingo en el noreste de la ciudad de Hama, en el centro del pa\u00eds. Una fuente militar anunci\u00f3 que la aeronave se precipit\u00f3 a tierra a consecuencia de un fallo t\u00e9cnico mientras estaba en una misi\u00f3n de entrenamiento. El incidente, seg\u00fan la fuente, caus\u00f3 &hellip;<\/p>\n","protected":false},"author":35,"featured_media":251149,"comment_status":"closed","ping_status":"closed","sticky":false,"template":"","format":"standard","meta":{"footnotes":""},"categories":[477,597,20724,476,7541],"tags":[],"class_list":["post-251147","post","type-post","status-publish","format-standard","has-post-thumbnail","","category-noticias-edulcorantes","category-cinta-de-noticias","category-minuto-a-minuto","category-locales","category-ultimas-noticias"],"_links":{"self":[{"href":"https:\/\/archive.sana.sy\/es\/index.php?rest_route=\/wp\/v2\/posts\/251147"}],"collection":[{"href":"https:\/\/archive.sana.sy\/es\/index.php?rest_route=\/wp\/v2\/posts"}],"about":[{"href":"https:\/\/archive.sana.sy\/es\/index.php?rest_route=\/wp\/v2\/types\/post"}],"author":[{"embeddable":true,"href":"https:\/\/archive.sana.sy\/es\/index.php?rest_route=\/wp\/v2\/users\/35"}],"replies":[{"embeddable":true,"href":"https:\/\/archive.sana.sy\/es\/index.php?rest_route=%2Fwp%2Fv2%2Fcomments&post=251147"}],"version-history":[{"count":0,"href":"https:\/\/archive.sana.sy\/es\/index.php?rest_route=\/wp\/v2\/posts\/251147\/revisions"}],"wp:featuredmedia":[{"embeddable":true,"href":"https:\/\/archive.sana.sy\/es\/index.php?rest_route=\/wp\/v2\/media\/251149"}],"wp:attachment":[{"href":"https:\/\/archive.sana.sy\/es\/index.php?rest_route=%2Fwp%2Fv2%2Fmedia&parent=251147"}],"wp:term":[{"taxonomy":"category","embeddable":true,"href":"https:\/\/archive.sana.sy\/es\/index.php?rest_route=%2Fwp%2Fv2%2Fcategories&post=251147"},{"taxonomy":"post_tag","embeddable":true,"href":"https:\/\/archive.sana.sy\/es\/index.php?rest_route=%2Fwp%2Fv2%2Ftags&post=251147"}],"curies":[{"name":"wp","href":"https:\/\/api.w.org\/{rel}","templated":true}]}}