{"id":251261,"date":"2022-09-04T15:55:46","date_gmt":"2022-09-04T12:55:46","guid":{"rendered":"http:\/\/107.6.182.27\/es\/?p=251261"},"modified":"2023-01-10T15:53:42","modified_gmt":"2023-01-10T13:53:42","slug":"resistentes-palestinos-atacan-un-autobus-e-hieren-a-cinco-soldados","status":"publish","type":"post","link":"https:\/\/archive.sana.sy\/es\/?p=251261","title":{"rendered":"Resistentes palestinos atacan un autob\u00fas e hieren a cinco soldados"},"content":{"rendered":"<p style=\"text-align: justify;\"><span style=\"color: #800000;\"><strong>Jerusal\u00e9n ocupada, 04 sep (SANA)<\/strong><\/span> En respuesta a los continuos cr\u00edmenes del ocupante israel\u00ed, los combatientes de la resistencia palestina atacaron un autob\u00fas israel\u00ed en el norte de Cisjordania.<\/p>\n<p style=\"text-align: justify;\">Medios de prensa informaron que los palestinos abrieron el fuego contra un autob\u00fas de las fuerzas de ocupaci\u00f3n israel\u00ed e hirieron a cinco efectivos israel\u00edes.<\/p>\n<p style=\"text-align: justify;\">Tras el ataque, los soldados impusieron un cord\u00f3n militar en la zona e intensificaron su presencia all\u00ed.<\/p>\n<p style=\"text-align: justify;\">ed\/fm<\/p>\n","protected":false},"excerpt":{"rendered":"<p>Jerusal\u00e9n ocupada, 04 sep (SANA) En respuesta a los continuos cr\u00edmenes del ocupante israel\u00ed, los combatientes de la resistencia palestina atacaron un autob\u00fas israel\u00ed en el norte de Cisjordania. Medios de prensa informaron que los palestinos abrieron el fuego contra un autob\u00fas de las fuerzas de ocupaci\u00f3n israel\u00ed e hirieron a cinco efectivos israel\u00edes. Tras &hellip;<\/p>\n","protected":false},"author":32,"featured_media":251262,"comment_status":"closed","ping_status":"closed","sticky":false,"template":"","format":"standard","meta":{"footnotes":""},"categories":[597,456,20724,7541],"tags":[],"class_list":["post-251261","post","type-post","status-publish","format-standard","has-post-thumbnail","","category-cinta-de-noticias","category-arabe-internacional-politica","category-minuto-a-minuto","category-ultimas-noticias"],"_links":{"self":[{"href":"https:\/\/archive.sana.sy\/es\/index.php?rest_route=\/wp\/v2\/posts\/251261"}],"collection":[{"href":"https:\/\/archive.sana.sy\/es\/index.php?rest_route=\/wp\/v2\/posts"}],"about":[{"href":"https:\/\/archive.sana.sy\/es\/index.php?rest_route=\/wp\/v2\/types\/post"}],"author":[{"embeddable":true,"href":"https:\/\/archive.sana.sy\/es\/index.php?rest_route=\/wp\/v2\/users\/32"}],"replies":[{"embeddable":true,"href":"https:\/\/archive.sana.sy\/es\/index.php?rest_route=%2Fwp%2Fv2%2Fcomments&post=251261"}],"version-history":[{"count":0,"href":"https:\/\/archive.sana.sy\/es\/index.php?rest_route=\/wp\/v2\/posts\/251261\/revisions"}],"wp:featuredmedia":[{"embeddable":true,"href":"https:\/\/archive.sana.sy\/es\/index.php?rest_route=\/wp\/v2\/media\/251262"}],"wp:attachment":[{"href":"https:\/\/archive.sana.sy\/es\/index.php?rest_route=%2Fwp%2Fv2%2Fmedia&parent=251261"}],"wp:term":[{"taxonomy":"category","embeddable":true,"href":"https:\/\/archive.sana.sy\/es\/index.php?rest_route=%2Fwp%2Fv2%2Fcategories&post=251261"},{"taxonomy":"post_tag","embeddable":true,"href":"https:\/\/archive.sana.sy\/es\/index.php?rest_route=%2Fwp%2Fv2%2Ftags&post=251261"}],"curies":[{"name":"wp","href":"https:\/\/api.w.org\/{rel}","templated":true}]}}