{"id":251269,"date":"2022-09-04T21:30:17","date_gmt":"2022-09-04T18:30:17","guid":{"rendered":"http:\/\/107.6.182.27\/es\/?p=251269"},"modified":"2022-09-04T22:17:21","modified_gmt":"2022-09-04T19:17:21","slug":"siria-condena-atentado-contra-la-vicepresidenta-de-argentina","status":"publish","type":"post","link":"https:\/\/archive.sana.sy\/es\/?p=251269","title":{"rendered":"Siria condena atentado contra la Vicepresidenta de Argentina"},"content":{"rendered":"<blockquote>\n<p style=\"text-align: justify;\"><strong>Damasco expresa la solidaridad con el amigo pa\u00eds de Argentina ante este acto traicionero y manifiesta sus deseos de estabilidad y paz para esta naci\u00f3n sudamericana.<\/strong><\/p>\n<\/blockquote>\n<p style=\"text-align: justify;\"><span style=\"color: #800000;\"><strong>Damasco, 4 sep (SANA)<\/strong><\/span> Siria conden\u00f3 el fallido ataque contra Cristina Fern\u00e1ndez de Kirchner, Vicepresidenta de la Rep\u00fablica Argentina, y ratific\u00f3 su total rechazo a todas las formas de violencia, terrorismo e intentos de desestabilizaci\u00f3n de los pa\u00edses.<\/p>\n<p style=\"text-align: justify;\">\u201cSiria condena en\u00e9rgicamente el criminal atentado contra la vicepresidenta de la Rep\u00fablica de Argentina, Cristina Fern\u00e1ndez de Kirchner\u201d, rez\u00f3 un comunicado del Ministerio de Asuntos Exteriores y Expatriados, cuyo texto fue recibido por la agencia SANA.<\/p>\n<p style=\"text-align: justify;\">Agreg\u00f3 que Siria rechaza todas las formas de violencia y terrorismo, y los intentos de desestabilizaci\u00f3n pol\u00edtica de los pa\u00edses.<\/p>\n<p style=\"text-align: justify;\">El comunicado expres\u00f3 la solidaridad con el amigo pa\u00eds de Argentina ante este acto traicionero y manifest\u00f3 sus deseos de estabilidad y paz para esta naci\u00f3n sudamericana.<\/p>\n<p style=\"text-align: justify;\">En la noche del jueves \u00faltimo, la vicepresidenta argentina fue v\u00edctima de un intento de asesinato cuando se encontraba en la calle, perpetrado por un hombre de nacionalidad brasile\u00f1a de 35 a\u00f1os. El individuo le apunt\u00f3 a Fern\u00e1ndez con una pistola para disparar y con al menos cinco balas en su cargador.<\/p>\n<p style=\"text-align: justify;\">fm\/ed<\/p>\n","protected":false},"excerpt":{"rendered":"<p>Damasco expresa la solidaridad con el amigo pa\u00eds de Argentina ante este acto traicionero y manifiesta sus deseos de estabilidad y paz para esta naci\u00f3n sudamericana. Damasco, 4 sep (SANA) Siria conden\u00f3 el fallido ataque contra Cristina Fern\u00e1ndez de Kirchner, Vicepresidenta de la Rep\u00fablica Argentina, y ratific\u00f3 su total rechazo a todas las formas de &hellip;<\/p>\n","protected":false},"author":32,"featured_media":251271,"comment_status":"closed","ping_status":"closed","sticky":false,"template":"","format":"standard","meta":{"footnotes":""},"categories":[477,597,20724,467,583],"tags":[],"class_list":["post-251269","post","type-post","status-publish","format-standard","has-post-thumbnail","","category-noticias-edulcorantes","category-cinta-de-noticias","category-minuto-a-minuto","category-siria-y-el-mundo","category-slide"],"_links":{"self":[{"href":"https:\/\/archive.sana.sy\/es\/index.php?rest_route=\/wp\/v2\/posts\/251269"}],"collection":[{"href":"https:\/\/archive.sana.sy\/es\/index.php?rest_route=\/wp\/v2\/posts"}],"about":[{"href":"https:\/\/archive.sana.sy\/es\/index.php?rest_route=\/wp\/v2\/types\/post"}],"author":[{"embeddable":true,"href":"https:\/\/archive.sana.sy\/es\/index.php?rest_route=\/wp\/v2\/users\/32"}],"replies":[{"embeddable":true,"href":"https:\/\/archive.sana.sy\/es\/index.php?rest_route=%2Fwp%2Fv2%2Fcomments&post=251269"}],"version-history":[{"count":0,"href":"https:\/\/archive.sana.sy\/es\/index.php?rest_route=\/wp\/v2\/posts\/251269\/revisions"}],"wp:featuredmedia":[{"embeddable":true,"href":"https:\/\/archive.sana.sy\/es\/index.php?rest_route=\/wp\/v2\/media\/251271"}],"wp:attachment":[{"href":"https:\/\/archive.sana.sy\/es\/index.php?rest_route=%2Fwp%2Fv2%2Fmedia&parent=251269"}],"wp:term":[{"taxonomy":"category","embeddable":true,"href":"https:\/\/archive.sana.sy\/es\/index.php?rest_route=%2Fwp%2Fv2%2Fcategories&post=251269"},{"taxonomy":"post_tag","embeddable":true,"href":"https:\/\/archive.sana.sy\/es\/index.php?rest_route=%2Fwp%2Fv2%2Ftags&post=251269"}],"curies":[{"name":"wp","href":"https:\/\/api.w.org\/{rel}","templated":true}]}}