{"id":251273,"date":"2022-09-04T18:37:40","date_gmt":"2022-09-04T15:37:40","guid":{"rendered":"http:\/\/107.6.182.27\/es\/?p=251273"},"modified":"2022-09-04T18:37:40","modified_gmt":"2022-09-04T15:37:40","slug":"siria-e-iran-repasan-vias-para-potenciar-la-cooperacion-en-el-campo-administrativo","status":"publish","type":"post","link":"https:\/\/archive.sana.sy\/es\/?p=251273","title":{"rendered":"Siria e Ir\u00e1n repasan v\u00edas para potenciar la cooperaci\u00f3n en el campo administrativo"},"content":{"rendered":"<p style=\"text-align: justify;\"><span style=\"color: #800000;\"><strong>Damasco, 4 sep (SANA)<\/strong><\/span>\u00a0 \u00a0El primer ministro, Hussein Arnous, y el asistente del presidente de la Rep\u00fablica Isl\u00e1mica de Ir\u00e1n, y jefe de la Fundaci\u00f3n para la Administraci\u00f3n P\u00fablica y Asuntos de Empleo, Maytham Latifi, repasaron hoy las formas para mejorar la cooperaci\u00f3n en el campo administrativo y beneficiarse de las experiencias de los dos pa\u00edses en el campo del desarrollo administrativo.<\/p>\n<p style=\"text-align: justify;\">El Primer Ministro explic\u00f3 que el gobierno sirio concede gran importancia al proyecto de reforma administrativa lanzado y patrocinado por el presidente Bashar al-Assad, y busca beneficiarse de las experiencias de pa\u00edses amigos en este campo.<\/p>\n<p style=\"text-align: justify;\">Hemos tomado todas las medidas necesarias para completar la implementaci\u00f3n del proyecto en todos los niveles y campos, y superar las dificultades que enfrenta para desarrollar el sector p\u00fablico, aumentando su productividad y dot\u00e1ndolo de cuadros humanos especializados, dijo Arnous.<\/p>\n<p style=\"text-align: justify;\">Por su parte, Latifi subray\u00f3 las profundas relaciones entre los dos pa\u00edses y la voluntad com\u00fan de fortalecerlas en todos los campos y aprovechar las energ\u00edas y capacidades humanas disponibles en ambos lados de manera que se logre el inter\u00e9s com\u00fan de los dos pueblos y pa\u00edses amigos.<\/p>\n<p style=\"text-align: justify;\">Reiter\u00f3 la firme posici\u00f3n de su pa\u00eds de apoyo a Siria, su soberan\u00eda e integridad territorial.<\/p>\n<p>fm\/rr<\/p>\n<p style=\"text-align: justify;\">\n","protected":false},"excerpt":{"rendered":"<p>Damasco, 4 sep (SANA)\u00a0 \u00a0El primer ministro, Hussein Arnous, y el asistente del presidente de la Rep\u00fablica Isl\u00e1mica de Ir\u00e1n, y jefe de la Fundaci\u00f3n para la Administraci\u00f3n P\u00fablica y Asuntos de Empleo, Maytham Latifi, repasaron hoy las formas para mejorar la cooperaci\u00f3n en el campo administrativo y beneficiarse de las experiencias de los dos &hellip;<\/p>\n","protected":false},"author":31,"featured_media":251274,"comment_status":"closed","ping_status":"closed","sticky":false,"template":"","format":"standard","meta":{"footnotes":""},"categories":[597,467,7541],"tags":[],"class_list":["post-251273","post","type-post","status-publish","format-standard","has-post-thumbnail","","category-cinta-de-noticias","category-siria-y-el-mundo","category-ultimas-noticias"],"_links":{"self":[{"href":"https:\/\/archive.sana.sy\/es\/index.php?rest_route=\/wp\/v2\/posts\/251273"}],"collection":[{"href":"https:\/\/archive.sana.sy\/es\/index.php?rest_route=\/wp\/v2\/posts"}],"about":[{"href":"https:\/\/archive.sana.sy\/es\/index.php?rest_route=\/wp\/v2\/types\/post"}],"author":[{"embeddable":true,"href":"https:\/\/archive.sana.sy\/es\/index.php?rest_route=\/wp\/v2\/users\/31"}],"replies":[{"embeddable":true,"href":"https:\/\/archive.sana.sy\/es\/index.php?rest_route=%2Fwp%2Fv2%2Fcomments&post=251273"}],"version-history":[{"count":0,"href":"https:\/\/archive.sana.sy\/es\/index.php?rest_route=\/wp\/v2\/posts\/251273\/revisions"}],"wp:featuredmedia":[{"embeddable":true,"href":"https:\/\/archive.sana.sy\/es\/index.php?rest_route=\/wp\/v2\/media\/251274"}],"wp:attachment":[{"href":"https:\/\/archive.sana.sy\/es\/index.php?rest_route=%2Fwp%2Fv2%2Fmedia&parent=251273"}],"wp:term":[{"taxonomy":"category","embeddable":true,"href":"https:\/\/archive.sana.sy\/es\/index.php?rest_route=%2Fwp%2Fv2%2Fcategories&post=251273"},{"taxonomy":"post_tag","embeddable":true,"href":"https:\/\/archive.sana.sy\/es\/index.php?rest_route=%2Fwp%2Fv2%2Ftags&post=251273"}],"curies":[{"name":"wp","href":"https:\/\/api.w.org\/{rel}","templated":true}]}}