{"id":251276,"date":"2022-09-04T19:09:36","date_gmt":"2022-09-04T16:09:36","guid":{"rendered":"http:\/\/107.6.182.27\/es\/?p=251276"},"modified":"2023-01-10T15:53:42","modified_gmt":"2023-01-10T13:53:42","slug":"peskov-europa-paga-por-sus-errores","status":"publish","type":"post","link":"https:\/\/archive.sana.sy\/es\/?p=251276","title":{"rendered":"Peskov: Europa paga por sus errores"},"content":{"rendered":"<p style=\"text-align: justify;\"><span style=\"color: #800000;\"><strong>Mosc\u00fa, 4 sep (SANA)<\/strong><\/span> El portavoz del Kremlin, Dmitry Peskov, consider\u00f3 que Europa ha cometido muchos errores por los que tendr\u00e1 que pagar.<\/p>\n<p style=\"text-align: justify;\">&#8220;Europa ahora est\u00e1 pagando el precio y ya no est\u00e1 en una situaci\u00f3n de comodidad y lujo&#8221;, dijo Peskov en un comunicado hoy, citado por RIA Novosti.<\/p>\n<p style=\"text-align: justify;\">Con respecto a la posibilidad de mantener conversaciones entre Mosc\u00fa y Kiev, el vocero indic\u00f3 que estas conversaciones son posibles, pero girar\u00e1n en torno a c\u00f3mo Ucrania cumplir\u00e1 las condiciones de Rusia.<\/p>\n<p style=\"text-align: justify;\">Y cuando se le pregunt\u00f3 si las condiciones de Mosc\u00fa seguir\u00edan siendo las mismas, Peskov respondi\u00f3: &#8220;Absolutamente&#8221;.<\/p>\n","protected":false},"excerpt":{"rendered":"<p>Mosc\u00fa, 4 sep (SANA) El portavoz del Kremlin, Dmitry Peskov, consider\u00f3 que Europa ha cometido muchos errores por los que tendr\u00e1 que pagar. &#8220;Europa ahora est\u00e1 pagando el precio y ya no est\u00e1 en una situaci\u00f3n de comodidad y lujo&#8221;, dijo Peskov en un comunicado hoy, citado por RIA Novosti. Con respecto a la posibilidad &hellip;<\/p>\n","protected":false},"author":31,"featured_media":251277,"comment_status":"closed","ping_status":"closed","sticky":false,"template":"","format":"standard","meta":{"footnotes":""},"categories":[597,456,20724],"tags":[],"class_list":["post-251276","post","type-post","status-publish","format-standard","has-post-thumbnail","","category-cinta-de-noticias","category-arabe-internacional-politica","category-minuto-a-minuto"],"_links":{"self":[{"href":"https:\/\/archive.sana.sy\/es\/index.php?rest_route=\/wp\/v2\/posts\/251276"}],"collection":[{"href":"https:\/\/archive.sana.sy\/es\/index.php?rest_route=\/wp\/v2\/posts"}],"about":[{"href":"https:\/\/archive.sana.sy\/es\/index.php?rest_route=\/wp\/v2\/types\/post"}],"author":[{"embeddable":true,"href":"https:\/\/archive.sana.sy\/es\/index.php?rest_route=\/wp\/v2\/users\/31"}],"replies":[{"embeddable":true,"href":"https:\/\/archive.sana.sy\/es\/index.php?rest_route=%2Fwp%2Fv2%2Fcomments&post=251276"}],"version-history":[{"count":0,"href":"https:\/\/archive.sana.sy\/es\/index.php?rest_route=\/wp\/v2\/posts\/251276\/revisions"}],"wp:featuredmedia":[{"embeddable":true,"href":"https:\/\/archive.sana.sy\/es\/index.php?rest_route=\/wp\/v2\/media\/251277"}],"wp:attachment":[{"href":"https:\/\/archive.sana.sy\/es\/index.php?rest_route=%2Fwp%2Fv2%2Fmedia&parent=251276"}],"wp:term":[{"taxonomy":"category","embeddable":true,"href":"https:\/\/archive.sana.sy\/es\/index.php?rest_route=%2Fwp%2Fv2%2Fcategories&post=251276"},{"taxonomy":"post_tag","embeddable":true,"href":"https:\/\/archive.sana.sy\/es\/index.php?rest_route=%2Fwp%2Fv2%2Ftags&post=251276"}],"curies":[{"name":"wp","href":"https:\/\/api.w.org\/{rel}","templated":true}]}}