{"id":251293,"date":"2022-09-04T21:35:44","date_gmt":"2022-09-04T18:35:44","guid":{"rendered":"http:\/\/107.6.182.27\/es\/?p=251293"},"modified":"2022-09-04T21:43:52","modified_gmt":"2022-09-04T18:43:52","slug":"primera-dama-de-siria-condecora-a-los-estudiantes-de-bachillerato-mas-sobresalientes-del-pais","status":"publish","type":"post","link":"https:\/\/archive.sana.sy\/es\/?p=251293","title":{"rendered":"Primera Dama de Siria condecora a los estudiantes de Bachillerato m\u00e1s sobresalientes del pa\u00eds"},"content":{"rendered":"<blockquote>\n<p style=\"text-align: justify;\"><span style=\"color: #000000;\"><strong>Asmaa al-Assad: Siria, en estos momentos, necesita a cada mente que piensa, cada mano que trabaja y cada coraz\u00f3n que late con su amor.<\/strong><\/span><\/p>\n<\/blockquote>\n<p style=\"text-align: justify;\"><span style=\"color: #800000;\"><strong>Damasco, 4 sep (SANA)\u00a0<\/strong><\/span> \u00a0La primera dama siria Asmaa Al-Assad consider\u00f3 que la ceremonia de condecoraci\u00f3n de los estudiantes m\u00e1s sobresalientes en Bachillerato constituye en s\u00ed misma un mensaje a la comunidad de consagrar la excelencia como un valor elevado que requiere esfuerzos concertados, colaboraci\u00f3n y cooperaci\u00f3n.<\/p>\n<p style=\"text-align: justify;\">El discurso de la Sra. al-Assad tuvo lugar durante una ceremonia de homenaje realizada por la Presidencia de la Rep\u00fablica en el Palacio del Pueblo para los mejores estudiantes para el a\u00f1o 2022.<\/p>\n<p style=\"text-align: justify;\">Destac\u00f3 la importancia de los resultados de los estudiantes en las condiciones de guerra y asedio, y se\u00f1al\u00f3 que Siria necesita a cada mente que piensa, cada mano que trabaja y cada coraz\u00f3n que late con su amor.<\/p>\n<p style=\"text-align: justify;\">\u201cLa importancia de la excelencia proviene de la pasi\u00f3n, el dominio y el sentido de la responsabilidad\u201d, dijo al-Assad.<\/p>\n<p style=\"text-align: justify;\">Enfatiz\u00f3 la gran importancia y el valor de la excelencia de los estudiantes durante la guerra contra el terrorismo.<\/p>\n<p style=\"text-align: justify;\">Durante la ceremonia, la Sra. Asmaa al-Assad honr\u00f3 a 44 estudiantes y se les otorg\u00f3 medallas con el nombre de Siria.<\/p>\n<p style=\"text-align: justify;\">La ceremonia cont\u00f3 con la presencia de los ministros de Educaci\u00f3n y de Ense\u00f1anza Superior e Investigaci\u00f3n Cient\u00edfica, y la Presidenta de la Uni\u00f3n Nacional de Estudiantes Sirios, as\u00ed como los padres de los mejores estudiantes y los directores de las escuelas donde cursaron estudios.<\/p>\n<p style=\"text-align: justify;\">fm\/rr<\/p>\n<p>&nbsp;<\/p>\n<div id='gallery-1' class='gallery galleryid-251293 gallery-columns-1 gallery-size-full'><figure class='gallery-item'>\n\t\t\t<div class='gallery-icon landscape'>\n\t\t\t\t<a href='https:\/\/archive.sana.sy\/es\/wp-content\/uploads\/2022\/09\/photo_2022-09-04_20-31-27.jpg'><img loading=\"lazy\" decoding=\"async\" width=\"1280\" height=\"719\" src=\"https:\/\/archive.sana.sy\/es\/wp-content\/uploads\/2022\/09\/photo_2022-09-04_20-31-27.jpg\" class=\"attachment-full size-full\" alt=\"\" srcset=\"https:\/\/archive.sana.sy\/es\/wp-content\/uploads\/2022\/09\/photo_2022-09-04_20-31-27.jpg 1280w, https:\/\/archive.sana.sy\/es\/wp-content\/uploads\/2022\/09\/photo_2022-09-04_20-31-27-300x169.jpg 300w, https:\/\/archive.sana.sy\/es\/wp-content\/uploads\/2022\/09\/photo_2022-09-04_20-31-27-1024x575.jpg 1024w, https:\/\/archive.sana.sy\/es\/wp-content\/uploads\/2022\/09\/photo_2022-09-04_20-31-27-150x84.jpg 150w, https:\/\/archive.sana.sy\/es\/wp-content\/uploads\/2022\/09\/photo_2022-09-04_20-31-27-768x431.jpg 768w\" sizes=\"(max-width: 1280px) 100vw, 1280px\" \/><\/a>\n\t\t\t<\/div><\/figure><figure class='gallery-item'>\n\t\t\t<div class='gallery-icon landscape'>\n\t\t\t\t<a href='https:\/\/archive.sana.sy\/es\/wp-content\/uploads\/2022\/09\/photo_2022-09-04_20-31-25-2.jpg'><img loading=\"lazy\" decoding=\"async\" width=\"1280\" height=\"853\" src=\"https:\/\/archive.sana.sy\/es\/wp-content\/uploads\/2022\/09\/photo_2022-09-04_20-31-25-2.jpg\" class=\"attachment-full size-full\" alt=\"\" srcset=\"https:\/\/archive.sana.sy\/es\/wp-content\/uploads\/2022\/09\/photo_2022-09-04_20-31-25-2.jpg 1280w, https:\/\/archive.sana.sy\/es\/wp-content\/uploads\/2022\/09\/photo_2022-09-04_20-31-25-2-300x200.jpg 300w, https:\/\/archive.sana.sy\/es\/wp-content\/uploads\/2022\/09\/photo_2022-09-04_20-31-25-2-1024x682.jpg 1024w, https:\/\/archive.sana.sy\/es\/wp-content\/uploads\/2022\/09\/photo_2022-09-04_20-31-25-2-150x100.jpg 150w, https:\/\/archive.sana.sy\/es\/wp-content\/uploads\/2022\/09\/photo_2022-09-04_20-31-25-2-768x512.jpg 768w\" sizes=\"(max-width: 1280px) 100vw, 1280px\" \/><\/a>\n\t\t\t<\/div><\/figure><figure class='gallery-item'>\n\t\t\t<div class='gallery-icon landscape'>\n\t\t\t\t<a href='https:\/\/archive.sana.sy\/es\/wp-content\/uploads\/2022\/09\/photo_2022-09-04_20-31-25-3.jpg'><img loading=\"lazy\" decoding=\"async\" width=\"1280\" height=\"853\" src=\"https:\/\/archive.sana.sy\/es\/wp-content\/uploads\/2022\/09\/photo_2022-09-04_20-31-25-3.jpg\" class=\"attachment-full size-full\" alt=\"\" srcset=\"https:\/\/archive.sana.sy\/es\/wp-content\/uploads\/2022\/09\/photo_2022-09-04_20-31-25-3.jpg 1280w, https:\/\/archive.sana.sy\/es\/wp-content\/uploads\/2022\/09\/photo_2022-09-04_20-31-25-3-300x200.jpg 300w, https:\/\/archive.sana.sy\/es\/wp-content\/uploads\/2022\/09\/photo_2022-09-04_20-31-25-3-1024x682.jpg 1024w, https:\/\/archive.sana.sy\/es\/wp-content\/uploads\/2022\/09\/photo_2022-09-04_20-31-25-3-150x100.jpg 150w, https:\/\/archive.sana.sy\/es\/wp-content\/uploads\/2022\/09\/photo_2022-09-04_20-31-25-3-768x512.jpg 768w\" sizes=\"(max-width: 1280px) 100vw, 1280px\" \/><\/a>\n\t\t\t<\/div><\/figure><figure class='gallery-item'>\n\t\t\t<div class='gallery-icon landscape'>\n\t\t\t\t<a href='https:\/\/archive.sana.sy\/es\/wp-content\/uploads\/2022\/09\/photo_2022-09-04_20-31-25.jpg'><img loading=\"lazy\" decoding=\"async\" width=\"1280\" height=\"853\" src=\"https:\/\/archive.sana.sy\/es\/wp-content\/uploads\/2022\/09\/photo_2022-09-04_20-31-25.jpg\" class=\"attachment-full size-full\" alt=\"\" srcset=\"https:\/\/archive.sana.sy\/es\/wp-content\/uploads\/2022\/09\/photo_2022-09-04_20-31-25.jpg 1280w, https:\/\/archive.sana.sy\/es\/wp-content\/uploads\/2022\/09\/photo_2022-09-04_20-31-25-300x200.jpg 300w, https:\/\/archive.sana.sy\/es\/wp-content\/uploads\/2022\/09\/photo_2022-09-04_20-31-25-1024x682.jpg 1024w, https:\/\/archive.sana.sy\/es\/wp-content\/uploads\/2022\/09\/photo_2022-09-04_20-31-25-150x100.jpg 150w, https:\/\/archive.sana.sy\/es\/wp-content\/uploads\/2022\/09\/photo_2022-09-04_20-31-25-768x512.jpg 768w\" sizes=\"(max-width: 1280px) 100vw, 1280px\" \/><\/a>\n\t\t\t<\/div><\/figure><figure class='gallery-item'>\n\t\t\t<div class='gallery-icon portrait'>\n\t\t\t\t<a href='https:\/\/archive.sana.sy\/es\/wp-content\/uploads\/2022\/09\/photo_2022-09-04_20-31-26-2.jpg'><img loading=\"lazy\" decoding=\"async\" width=\"865\" height=\"1280\" src=\"https:\/\/archive.sana.sy\/es\/wp-content\/uploads\/2022\/09\/photo_2022-09-04_20-31-26-2.jpg\" class=\"attachment-full size-full\" alt=\"\" srcset=\"https:\/\/archive.sana.sy\/es\/wp-content\/uploads\/2022\/09\/photo_2022-09-04_20-31-26-2.jpg 865w, https:\/\/archive.sana.sy\/es\/wp-content\/uploads\/2022\/09\/photo_2022-09-04_20-31-26-2-203x300.jpg 203w, https:\/\/archive.sana.sy\/es\/wp-content\/uploads\/2022\/09\/photo_2022-09-04_20-31-26-2-692x1024.jpg 692w, https:\/\/archive.sana.sy\/es\/wp-content\/uploads\/2022\/09\/photo_2022-09-04_20-31-26-2-101x150.jpg 101w, https:\/\/archive.sana.sy\/es\/wp-content\/uploads\/2022\/09\/photo_2022-09-04_20-31-26-2-768x1136.jpg 768w\" sizes=\"(max-width: 865px) 100vw, 865px\" \/><\/a>\n\t\t\t<\/div><\/figure><figure class='gallery-item'>\n\t\t\t<div class='gallery-icon landscape'>\n\t\t\t\t<a href='https:\/\/archive.sana.sy\/es\/wp-content\/uploads\/2022\/09\/photo_2022-09-04_20-31-26.jpg'><img loading=\"lazy\" decoding=\"async\" width=\"1280\" height=\"783\" src=\"https:\/\/archive.sana.sy\/es\/wp-content\/uploads\/2022\/09\/photo_2022-09-04_20-31-26.jpg\" class=\"attachment-full size-full\" alt=\"\" srcset=\"https:\/\/archive.sana.sy\/es\/wp-content\/uploads\/2022\/09\/photo_2022-09-04_20-31-26.jpg 1280w, https:\/\/archive.sana.sy\/es\/wp-content\/uploads\/2022\/09\/photo_2022-09-04_20-31-26-300x184.jpg 300w, https:\/\/archive.sana.sy\/es\/wp-content\/uploads\/2022\/09\/photo_2022-09-04_20-31-26-1024x626.jpg 1024w, https:\/\/archive.sana.sy\/es\/wp-content\/uploads\/2022\/09\/photo_2022-09-04_20-31-26-150x92.jpg 150w, https:\/\/archive.sana.sy\/es\/wp-content\/uploads\/2022\/09\/photo_2022-09-04_20-31-26-768x470.jpg 768w\" sizes=\"(max-width: 1280px) 100vw, 1280px\" \/><\/a>\n\t\t\t<\/div><\/figure>\n\t\t<\/div>\n\n","protected":false},"excerpt":{"rendered":"<p>Asmaa al-Assad: Siria, en estos momentos, necesita a cada mente que piensa, cada mano que trabaja y cada coraz\u00f3n que late con su amor. Damasco, 4 sep (SANA)\u00a0 \u00a0La primera dama siria Asmaa Al-Assad consider\u00f3 que la ceremonia de condecoraci\u00f3n de los estudiantes m\u00e1s sobresalientes en Bachillerato constituye en s\u00ed misma un mensaje a la &hellip;<\/p>\n","protected":false},"author":31,"featured_media":251294,"comment_status":"closed","ping_status":"closed","sticky":false,"template":"","format":"standard","meta":{"footnotes":""},"categories":[597,476,583],"tags":[],"class_list":["post-251293","post","type-post","status-publish","format-standard","has-post-thumbnail","","category-cinta-de-noticias","category-locales","category-slide"],"_links":{"self":[{"href":"https:\/\/archive.sana.sy\/es\/index.php?rest_route=\/wp\/v2\/posts\/251293"}],"collection":[{"href":"https:\/\/archive.sana.sy\/es\/index.php?rest_route=\/wp\/v2\/posts"}],"about":[{"href":"https:\/\/archive.sana.sy\/es\/index.php?rest_route=\/wp\/v2\/types\/post"}],"author":[{"embeddable":true,"href":"https:\/\/archive.sana.sy\/es\/index.php?rest_route=\/wp\/v2\/users\/31"}],"replies":[{"embeddable":true,"href":"https:\/\/archive.sana.sy\/es\/index.php?rest_route=%2Fwp%2Fv2%2Fcomments&post=251293"}],"version-history":[{"count":0,"href":"https:\/\/archive.sana.sy\/es\/index.php?rest_route=\/wp\/v2\/posts\/251293\/revisions"}],"wp:featuredmedia":[{"embeddable":true,"href":"https:\/\/archive.sana.sy\/es\/index.php?rest_route=\/wp\/v2\/media\/251294"}],"wp:attachment":[{"href":"https:\/\/archive.sana.sy\/es\/index.php?rest_route=%2Fwp%2Fv2%2Fmedia&parent=251293"}],"wp:term":[{"taxonomy":"category","embeddable":true,"href":"https:\/\/archive.sana.sy\/es\/index.php?rest_route=%2Fwp%2Fv2%2Fcategories&post=251293"},{"taxonomy":"post_tag","embeddable":true,"href":"https:\/\/archive.sana.sy\/es\/index.php?rest_route=%2Fwp%2Fv2%2Ftags&post=251293"}],"curies":[{"name":"wp","href":"https:\/\/api.w.org\/{rel}","templated":true}]}}