{"id":251307,"date":"2022-09-05T07:05:54","date_gmt":"2022-09-05T04:05:54","guid":{"rendered":"http:\/\/107.6.182.27\/es\/?p=251307"},"modified":"2023-01-10T15:53:42","modified_gmt":"2023-01-10T13:53:42","slug":"cuatro-soldados-israelies-resultan-heridos-en-ataque-al-noroeste-de-ramallah","status":"publish","type":"post","link":"https:\/\/archive.sana.sy\/es\/?p=251307","title":{"rendered":"Cuatro soldados israel\u00edes resultan heridos en ataque al noroeste de Ramallah"},"content":{"rendered":"<p style=\"text-align: justify;\"><span style=\"color: #800000;\"><strong>Jerusal\u00e9n ocupada, 5 sep (SANA)<\/strong><\/span>\u00a0\u00a0 Cuatro soldados de las fuerzas de ocupaci\u00f3n israel\u00edes resultaron heridos en un ataque llevado a cabo por un palestino cerca de la ciudad de Ramallah, en Cisjordania.<\/p>\n<p style=\"text-align: justify;\">La agencia de noticias palestina Ma&#8217;an difundi\u00f3 que un hombre de los grupos de resistencia palestina arroj\u00f3 una bomba contra la torre de vigilancia de las fuerzas de ocupaci\u00f3n cerca de la aldea de Nabi Saleh, al noroeste de Ramallah, hiriendo a cuatro soldados.<\/p>\n<p style=\"text-align: justify;\">Despu\u00e9s de la acci\u00f3n, las fuerzas de ocupaci\u00f3n impusieron un cerco militar, acordonaron el lugar e intensificaron su presencia all\u00ed.<\/p>\n<p style=\"text-align: justify;\">fm<\/p>\n<p style=\"text-align: justify;\">\n","protected":false},"excerpt":{"rendered":"<p>Jerusal\u00e9n ocupada, 5 sep (SANA)\u00a0\u00a0 Cuatro soldados de las fuerzas de ocupaci\u00f3n israel\u00edes resultaron heridos en un ataque llevado a cabo por un palestino cerca de la ciudad de Ramallah, en Cisjordania. La agencia de noticias palestina Ma&#8217;an difundi\u00f3 que un hombre de los grupos de resistencia palestina arroj\u00f3 una bomba contra la torre de &hellip;<\/p>\n","protected":false},"author":34,"featured_media":251308,"comment_status":"closed","ping_status":"closed","sticky":false,"template":"","format":"standard","meta":{"footnotes":""},"categories":[597,456,20724,7541],"tags":[],"class_list":["post-251307","post","type-post","status-publish","format-standard","has-post-thumbnail","","category-cinta-de-noticias","category-arabe-internacional-politica","category-minuto-a-minuto","category-ultimas-noticias"],"_links":{"self":[{"href":"https:\/\/archive.sana.sy\/es\/index.php?rest_route=\/wp\/v2\/posts\/251307"}],"collection":[{"href":"https:\/\/archive.sana.sy\/es\/index.php?rest_route=\/wp\/v2\/posts"}],"about":[{"href":"https:\/\/archive.sana.sy\/es\/index.php?rest_route=\/wp\/v2\/types\/post"}],"author":[{"embeddable":true,"href":"https:\/\/archive.sana.sy\/es\/index.php?rest_route=\/wp\/v2\/users\/34"}],"replies":[{"embeddable":true,"href":"https:\/\/archive.sana.sy\/es\/index.php?rest_route=%2Fwp%2Fv2%2Fcomments&post=251307"}],"version-history":[{"count":0,"href":"https:\/\/archive.sana.sy\/es\/index.php?rest_route=\/wp\/v2\/posts\/251307\/revisions"}],"wp:featuredmedia":[{"embeddable":true,"href":"https:\/\/archive.sana.sy\/es\/index.php?rest_route=\/wp\/v2\/media\/251308"}],"wp:attachment":[{"href":"https:\/\/archive.sana.sy\/es\/index.php?rest_route=%2Fwp%2Fv2%2Fmedia&parent=251307"}],"wp:term":[{"taxonomy":"category","embeddable":true,"href":"https:\/\/archive.sana.sy\/es\/index.php?rest_route=%2Fwp%2Fv2%2Fcategories&post=251307"},{"taxonomy":"post_tag","embeddable":true,"href":"https:\/\/archive.sana.sy\/es\/index.php?rest_route=%2Fwp%2Fv2%2Ftags&post=251307"}],"curies":[{"name":"wp","href":"https:\/\/api.w.org\/{rel}","templated":true}]}}