{"id":251316,"date":"2022-09-05T10:08:49","date_gmt":"2022-09-05T07:08:49","guid":{"rendered":"http:\/\/107.6.182.27\/es\/?p=251316"},"modified":"2023-01-10T15:53:42","modified_gmt":"2023-01-10T13:53:42","slug":"manifestaciones-en-alemania-para-exigir-el-levantamiento-de-las-sanciones-contra-rusia","status":"publish","type":"post","link":"https:\/\/archive.sana.sy\/es\/?p=251316","title":{"rendered":"Manifestaciones en Alemania para exigir el levantamiento de las sanciones contra Rusia"},"content":{"rendered":"<blockquote>\n<p style=\"text-align: justify;\"><span style=\"color: #ff0000;\"><strong>Las im\u00e1genes difundidas mostraron que al menos una persona fue arrestada por la polic\u00eda durante la manifestaci\u00f3n.<\/strong><\/span><\/p>\n<\/blockquote>\n<p style=\"text-align: justify;\"><span style=\"color: #800000;\"><strong>Colonia, 5 sep (SANA)<\/strong><\/span> Cientos de personas, en su mayor\u00eda de habla rusa, protestaron en la ciudad de Colonia, en el oeste de Alemania, para exigir que Berl\u00edn deje de apoyar al r\u00e9gimen de Ucrania y levante las sanciones que impuso a Rusia.<\/p>\n<p style=\"text-align: justify;\">Reuters inform\u00f3 que los manifestantes levantaron banderas rusas y pancartas con la consigna de la OTAN tachada con una l\u00ednea roja.<\/p>\n<p style=\"text-align: justify;\">\u201cAlemania est\u00e1 en un estado de caos\u201d, dijo Elena Kolbasnikova, una de las organizadoras de la protesta, y enfatiz\u00f3 que la operaci\u00f3n militar especial de Rusia en Ucrania estaba protegiendo a los hablantes de ruso en el este de ese pa\u00eds.<\/p>\n<p style=\"text-align: justify;\">Las im\u00e1genes difundidas mostraron que al menos una persona fue arrestada por la polic\u00eda durante la manifestaci\u00f3n.<\/p>\n<p style=\"text-align: justify;\"><em><strong>fm\/ws<\/strong><\/em><\/p>\n","protected":false},"excerpt":{"rendered":"<p>Las im\u00e1genes difundidas mostraron que al menos una persona fue arrestada por la polic\u00eda durante la manifestaci\u00f3n. Colonia, 5 sep (SANA) Cientos de personas, en su mayor\u00eda de habla rusa, protestaron en la ciudad de Colonia, en el oeste de Alemania, para exigir que Berl\u00edn deje de apoyar al r\u00e9gimen de Ucrania y levante las &hellip;<\/p>\n","protected":false},"author":35,"featured_media":251317,"comment_status":"closed","ping_status":"closed","sticky":false,"template":"","format":"standard","meta":{"footnotes":""},"categories":[597,456,20724,457,7541],"tags":[],"class_list":["post-251316","post","type-post","status-publish","format-standard","has-post-thumbnail","","category-cinta-de-noticias","category-arabe-internacional-politica","category-minuto-a-minuto","category-noticias-arabe-internacional-politica","category-ultimas-noticias"],"_links":{"self":[{"href":"https:\/\/archive.sana.sy\/es\/index.php?rest_route=\/wp\/v2\/posts\/251316"}],"collection":[{"href":"https:\/\/archive.sana.sy\/es\/index.php?rest_route=\/wp\/v2\/posts"}],"about":[{"href":"https:\/\/archive.sana.sy\/es\/index.php?rest_route=\/wp\/v2\/types\/post"}],"author":[{"embeddable":true,"href":"https:\/\/archive.sana.sy\/es\/index.php?rest_route=\/wp\/v2\/users\/35"}],"replies":[{"embeddable":true,"href":"https:\/\/archive.sana.sy\/es\/index.php?rest_route=%2Fwp%2Fv2%2Fcomments&post=251316"}],"version-history":[{"count":0,"href":"https:\/\/archive.sana.sy\/es\/index.php?rest_route=\/wp\/v2\/posts\/251316\/revisions"}],"wp:featuredmedia":[{"embeddable":true,"href":"https:\/\/archive.sana.sy\/es\/index.php?rest_route=\/wp\/v2\/media\/251317"}],"wp:attachment":[{"href":"https:\/\/archive.sana.sy\/es\/index.php?rest_route=%2Fwp%2Fv2%2Fmedia&parent=251316"}],"wp:term":[{"taxonomy":"category","embeddable":true,"href":"https:\/\/archive.sana.sy\/es\/index.php?rest_route=%2Fwp%2Fv2%2Fcategories&post=251316"},{"taxonomy":"post_tag","embeddable":true,"href":"https:\/\/archive.sana.sy\/es\/index.php?rest_route=%2Fwp%2Fv2%2Ftags&post=251316"}],"curies":[{"name":"wp","href":"https:\/\/api.w.org\/{rel}","templated":true}]}}