{"id":251341,"date":"2022-09-05T12:09:37","date_gmt":"2022-09-05T09:09:37","guid":{"rendered":"http:\/\/107.6.182.27\/es\/?p=251341"},"modified":"2022-09-05T12:12:04","modified_gmt":"2022-09-05T09:12:04","slug":"por-trigesimo-quinto-dia-consecutivo-las-fuerzas-de-ocupacion-turcas-y-sus-terroristas-mercenarios-cortaron-el-agua-potable-a-cerca-de-un-millon-de-ciudadanos-en-la-cabecera-provincia-y-todas-las-lo","status":"publish","type":"post","link":"https:\/\/archive.sana.sy\/es\/?p=251341","title":{"rendered":"Por trig\u00e9simo quinto d\u00eda consecutivo, las fuerzas de ocupaci\u00f3n turcas y sus terroristas mercenarios cortaron el agua potable a cerca de un mill\u00f3n de ciudadanos  en la cabecera provincial de Hasakeh,  y todas las localidades a su alrededor."},"content":{"rendered":"","protected":false},"excerpt":{"rendered":"","protected":false},"author":32,"featured_media":0,"comment_status":"closed","ping_status":"closed","sticky":false,"template":"","format":"standard","meta":{"footnotes":""},"categories":[20724,596],"tags":[],"class_list":["post-251341","post","type-post","status-publish","format-standard","","category-minuto-a-minuto","category-urgente"],"_links":{"self":[{"href":"https:\/\/archive.sana.sy\/es\/index.php?rest_route=\/wp\/v2\/posts\/251341"}],"collection":[{"href":"https:\/\/archive.sana.sy\/es\/index.php?rest_route=\/wp\/v2\/posts"}],"about":[{"href":"https:\/\/archive.sana.sy\/es\/index.php?rest_route=\/wp\/v2\/types\/post"}],"author":[{"embeddable":true,"href":"https:\/\/archive.sana.sy\/es\/index.php?rest_route=\/wp\/v2\/users\/32"}],"replies":[{"embeddable":true,"href":"https:\/\/archive.sana.sy\/es\/index.php?rest_route=%2Fwp%2Fv2%2Fcomments&post=251341"}],"version-history":[{"count":0,"href":"https:\/\/archive.sana.sy\/es\/index.php?rest_route=\/wp\/v2\/posts\/251341\/revisions"}],"wp:attachment":[{"href":"https:\/\/archive.sana.sy\/es\/index.php?rest_route=%2Fwp%2Fv2%2Fmedia&parent=251341"}],"wp:term":[{"taxonomy":"category","embeddable":true,"href":"https:\/\/archive.sana.sy\/es\/index.php?rest_route=%2Fwp%2Fv2%2Fcategories&post=251341"},{"taxonomy":"post_tag","embeddable":true,"href":"https:\/\/archive.sana.sy\/es\/index.php?rest_route=%2Fwp%2Fv2%2Ftags&post=251341"}],"curies":[{"name":"wp","href":"https:\/\/api.w.org\/{rel}","templated":true}]}}