{"id":251388,"date":"2022-09-05T14:40:06","date_gmt":"2022-09-05T11:40:06","guid":{"rendered":"http:\/\/107.6.182.27\/es\/?p=251388"},"modified":"2022-09-05T14:40:20","modified_gmt":"2022-09-05T11:40:20","slug":"terroristas-proturcos-saquean-las-antiguedades-en-el-norte-de-siria-y-las-contrabandean-a-turquia","status":"publish","type":"post","link":"https:\/\/archive.sana.sy\/es\/?p=251388","title":{"rendered":"Terroristas proturcos saquean las antig\u00fcedades en el norte de Siria y las contrabandean a Turqu\u00eda"},"content":{"rendered":"<blockquote>\n<p style=\"text-align: justify;\"><span style=\"color: #ff0000;\"><strong>Los radicales respaldados por Ankara est\u00e1n utilizando equipos modernos y veh\u00edculos pesados y explosivos en los procesos de perforaci\u00f3n y excavaci\u00f3n cerca de Afrin, lo que ha causado graves da\u00f1os a los sitios del patrimonio cultural sirio.<\/strong><\/span><\/p>\n<\/blockquote>\n<p style=\"text-align: justify;\"><strong><span style=\"color: #800000;\">Mosc\u00fa, 05 sep (SANA)<\/span><\/strong>\u00a0 El Ministerio de Defensa ruso revel\u00f3 que integrantes de las agrupaciones terroristas apadrinadas por el r\u00e9gimen turco realizaron excavaciones y saqueos de sitios arqueol\u00f3gicos en la ciudad ocupada de Afrin para luego contrabandearla al territorio turco y venderlas en el mercado negro.<\/p>\n<p style=\"text-align: justify;\">El subjefe del Centro de Coordinaci\u00f3n Ruso en Siria, Oleg Egorov, subray\u00f3 que los radicales respaldados por Ankara est\u00e1n utilizando equipos modernos y veh\u00edculos pesados y explosivos en los procesos de perforaci\u00f3n y excavaci\u00f3n cerca de Afrin, lo que ha causado graves da\u00f1os a los sitios del patrimonio cultural sirio.<\/p>\n<p style=\"text-align: justify;\">Agreg\u00f3 que los artefactos robados son trasladados a Turqu\u00eda para ser vendidos en el mercado negro.<\/p>\n<p style=\"text-align: justify;\">La v\u00edspera, el Centro de Coordinaci\u00f3n de Rusia con sede en la base de Hemeimim en Latakia, entreg\u00f3 al Museo Nacional de Damasco una pieza antigua de la era asiria, que data del primer milenio antes de Cristo, la misma iba a ser contrabandeada fuera del pa\u00eds.<\/p>\n<p style=\"text-align: justify;\">A lo largo de los a\u00f1os de la guerra terrorista contra Siria, los extremistas, bajo la supervisi\u00f3n de arque\u00f3logos y excavadores turcos, estadounidenses y de otras nacionalidades occidentales, excavaron sitios arqueol\u00f3gicos y robaron muchos hallazgos.<\/p>\n<p style=\"text-align: justify;\"><strong><em>ws\/fm<\/em><\/strong><\/p>\n<p style=\"text-align: justify;\">\n","protected":false},"excerpt":{"rendered":"<p>Los radicales respaldados por Ankara est\u00e1n utilizando equipos modernos y veh\u00edculos pesados y explosivos en los procesos de perforaci\u00f3n y excavaci\u00f3n cerca de Afrin, lo que ha causado graves da\u00f1os a los sitios del patrimonio cultural sirio. Mosc\u00fa, 05 sep (SANA)\u00a0 El Ministerio de Defensa ruso revel\u00f3 que integrantes de las agrupaciones terroristas apadrinadas por &hellip;<\/p>\n","protected":false},"author":35,"featured_media":251389,"comment_status":"closed","ping_status":"closed","sticky":false,"template":"","format":"standard","meta":{"footnotes":""},"categories":[447,477,597,573,20724,476,583],"tags":[],"class_list":["post-251388","post","type-post","status-publish","format-standard","has-post-thumbnail","","category-local-politica","category-noticias-edulcorantes","category-cinta-de-noticias","category-la-realidad-de-los-acontecimientos-en-siria","category-minuto-a-minuto","category-locales","category-slide"],"_links":{"self":[{"href":"https:\/\/archive.sana.sy\/es\/index.php?rest_route=\/wp\/v2\/posts\/251388"}],"collection":[{"href":"https:\/\/archive.sana.sy\/es\/index.php?rest_route=\/wp\/v2\/posts"}],"about":[{"href":"https:\/\/archive.sana.sy\/es\/index.php?rest_route=\/wp\/v2\/types\/post"}],"author":[{"embeddable":true,"href":"https:\/\/archive.sana.sy\/es\/index.php?rest_route=\/wp\/v2\/users\/35"}],"replies":[{"embeddable":true,"href":"https:\/\/archive.sana.sy\/es\/index.php?rest_route=%2Fwp%2Fv2%2Fcomments&post=251388"}],"version-history":[{"count":0,"href":"https:\/\/archive.sana.sy\/es\/index.php?rest_route=\/wp\/v2\/posts\/251388\/revisions"}],"wp:featuredmedia":[{"embeddable":true,"href":"https:\/\/archive.sana.sy\/es\/index.php?rest_route=\/wp\/v2\/media\/251389"}],"wp:attachment":[{"href":"https:\/\/archive.sana.sy\/es\/index.php?rest_route=%2Fwp%2Fv2%2Fmedia&parent=251388"}],"wp:term":[{"taxonomy":"category","embeddable":true,"href":"https:\/\/archive.sana.sy\/es\/index.php?rest_route=%2Fwp%2Fv2%2Fcategories&post=251388"},{"taxonomy":"post_tag","embeddable":true,"href":"https:\/\/archive.sana.sy\/es\/index.php?rest_route=%2Fwp%2Fv2%2Ftags&post=251388"}],"curies":[{"name":"wp","href":"https:\/\/api.w.org\/{rel}","templated":true}]}}