{"id":251392,"date":"2022-09-05T14:45:45","date_gmt":"2022-09-05T11:45:45","guid":{"rendered":"http:\/\/107.6.182.27\/es\/?p=251392"},"modified":"2023-01-10T14:02:55","modified_gmt":"2023-01-10T12:02:55","slug":"siria-e-iran-abordan-vias-de-cooperacion-en-campo-economico-y-de-inversiones","status":"publish","type":"post","link":"https:\/\/archive.sana.sy\/es\/?p=251392","title":{"rendered":"Siria e Ir\u00e1n abordan v\u00edas de cooperaci\u00f3n en campo econ\u00f3mico y de inversiones"},"content":{"rendered":"<p style=\"text-align: justify;\"><span style=\"color: #800000;\"><strong>Damasco, 05 sep (SANA) <\/strong><\/span>El gobernador de Damasco, Muhammad Tariq Krishati, se reuni\u00f3 este lunes con el presidente de la Asociaci\u00f3n de Amistad Ir\u00e1n-Siria, Hassan Chakhsi.<\/p>\n<p style=\"text-align: justify;\">Las dos partes examinaron las formas de mejorar las relaciones de cooperaci\u00f3n bilateral en todos los \u00e1mbitos, especialmente el econ\u00f3mico y de inversi\u00f3n.<\/p>\n<p style=\"text-align: justify;\">El gobierno sirio est\u00e1 listo para cooperar en la implementaci\u00f3n de proyectos conjuntos y proyectos de reconstrucci\u00f3n, as\u00ed como para abrir perspectivas de inversi\u00f3n en Siria, lo que tendr\u00e1 un efecto positivo, recalc\u00f3 Krishati.<\/p>\n<p style=\"text-align: justify;\">A su vez, Chakhsi llam\u00f3 a mejorar la cooperaci\u00f3n en inversiones e intercambiar visitas de delegaciones de una manera que logre el inter\u00e9s com\u00fan.<\/p>\n<p style=\"text-align: justify;\">ed\/fm<\/p>\n","protected":false},"excerpt":{"rendered":"<p>Damasco, 05 sep (SANA) El gobernador de Damasco, Muhammad Tariq Krishati, se reuni\u00f3 este lunes con el presidente de la Asociaci\u00f3n de Amistad Ir\u00e1n-Siria, Hassan Chakhsi. Las dos partes examinaron las formas de mejorar las relaciones de cooperaci\u00f3n bilateral en todos los \u00e1mbitos, especialmente el econ\u00f3mico y de inversi\u00f3n. El gobierno sirio est\u00e1 listo para &hellip;<\/p>\n","protected":false},"author":32,"featured_media":251393,"comment_status":"closed","ping_status":"closed","sticky":false,"template":"","format":"standard","meta":{"footnotes":""},"categories":[477,447,597,476,7541],"tags":[],"class_list":["post-251392","post","type-post","status-publish","format-standard","has-post-thumbnail","","category-noticias-edulcorantes","category-local-politica","category-cinta-de-noticias","category-locales","category-ultimas-noticias"],"_links":{"self":[{"href":"https:\/\/archive.sana.sy\/es\/index.php?rest_route=\/wp\/v2\/posts\/251392"}],"collection":[{"href":"https:\/\/archive.sana.sy\/es\/index.php?rest_route=\/wp\/v2\/posts"}],"about":[{"href":"https:\/\/archive.sana.sy\/es\/index.php?rest_route=\/wp\/v2\/types\/post"}],"author":[{"embeddable":true,"href":"https:\/\/archive.sana.sy\/es\/index.php?rest_route=\/wp\/v2\/users\/32"}],"replies":[{"embeddable":true,"href":"https:\/\/archive.sana.sy\/es\/index.php?rest_route=%2Fwp%2Fv2%2Fcomments&post=251392"}],"version-history":[{"count":0,"href":"https:\/\/archive.sana.sy\/es\/index.php?rest_route=\/wp\/v2\/posts\/251392\/revisions"}],"wp:featuredmedia":[{"embeddable":true,"href":"https:\/\/archive.sana.sy\/es\/index.php?rest_route=\/wp\/v2\/media\/251393"}],"wp:attachment":[{"href":"https:\/\/archive.sana.sy\/es\/index.php?rest_route=%2Fwp%2Fv2%2Fmedia&parent=251392"}],"wp:term":[{"taxonomy":"category","embeddable":true,"href":"https:\/\/archive.sana.sy\/es\/index.php?rest_route=%2Fwp%2Fv2%2Fcategories&post=251392"},{"taxonomy":"post_tag","embeddable":true,"href":"https:\/\/archive.sana.sy\/es\/index.php?rest_route=%2Fwp%2Fv2%2Ftags&post=251392"}],"curies":[{"name":"wp","href":"https:\/\/api.w.org\/{rel}","templated":true}]}}