{"id":251398,"date":"2022-09-05T15:03:56","date_gmt":"2022-09-05T12:03:56","guid":{"rendered":"http:\/\/107.6.182.27\/es\/?p=251398"},"modified":"2023-01-10T15:53:40","modified_gmt":"2023-01-10T13:53:40","slug":"dos-soldados-iraquies-resultaron-heridos-en-ataque-terrorista-en-diala","status":"publish","type":"post","link":"https:\/\/archive.sana.sy\/es\/?p=251398","title":{"rendered":"Dos soldados iraqu\u00edes resultaron heridos en ataque terrorista en Diala"},"content":{"rendered":"<p style=\"text-align: justify;\"><strong><span style=\"color: #800000;\">Bagdad 5 sep-(SANA)<\/span>\u00a0<\/strong> Dos soldados iraqu\u00edes resultaron heridos en un atentado terrorista en la provincia de Diala, al este del pa\u00eds.<\/p>\n<p style=\"text-align: justify;\">Seg\u00fan inform\u00f3 una fuente de seguridad al canal Al-Sumaria, un artefacto explosivo estall\u00f3 l paso de militares iraqu\u00edes durante las operaciones en Diala, hiriendo a dos militares.<\/p>\n<p style=\"text-align: justify;\">ab\/fm<\/p>\n","protected":false},"excerpt":{"rendered":"<p>Bagdad 5 sep-(SANA)\u00a0 Dos soldados iraqu\u00edes resultaron heridos en un atentado terrorista en la provincia de Diala, al este del pa\u00eds. Seg\u00fan inform\u00f3 una fuente de seguridad al canal Al-Sumaria, un artefacto explosivo estall\u00f3 l paso de militares iraqu\u00edes durante las operaciones en Diala, hiriendo a dos militares. ab\/fm<\/p>\n","protected":false},"author":32,"featured_media":251399,"comment_status":"closed","ping_status":"closed","sticky":false,"template":"","format":"standard","meta":{"footnotes":""},"categories":[597,456,20724],"tags":[],"class_list":["post-251398","post","type-post","status-publish","format-standard","has-post-thumbnail","","category-cinta-de-noticias","category-arabe-internacional-politica","category-minuto-a-minuto"],"_links":{"self":[{"href":"https:\/\/archive.sana.sy\/es\/index.php?rest_route=\/wp\/v2\/posts\/251398"}],"collection":[{"href":"https:\/\/archive.sana.sy\/es\/index.php?rest_route=\/wp\/v2\/posts"}],"about":[{"href":"https:\/\/archive.sana.sy\/es\/index.php?rest_route=\/wp\/v2\/types\/post"}],"author":[{"embeddable":true,"href":"https:\/\/archive.sana.sy\/es\/index.php?rest_route=\/wp\/v2\/users\/32"}],"replies":[{"embeddable":true,"href":"https:\/\/archive.sana.sy\/es\/index.php?rest_route=%2Fwp%2Fv2%2Fcomments&post=251398"}],"version-history":[{"count":0,"href":"https:\/\/archive.sana.sy\/es\/index.php?rest_route=\/wp\/v2\/posts\/251398\/revisions"}],"wp:featuredmedia":[{"embeddable":true,"href":"https:\/\/archive.sana.sy\/es\/index.php?rest_route=\/wp\/v2\/media\/251399"}],"wp:attachment":[{"href":"https:\/\/archive.sana.sy\/es\/index.php?rest_route=%2Fwp%2Fv2%2Fmedia&parent=251398"}],"wp:term":[{"taxonomy":"category","embeddable":true,"href":"https:\/\/archive.sana.sy\/es\/index.php?rest_route=%2Fwp%2Fv2%2Fcategories&post=251398"},{"taxonomy":"post_tag","embeddable":true,"href":"https:\/\/archive.sana.sy\/es\/index.php?rest_route=%2Fwp%2Fv2%2Ftags&post=251398"}],"curies":[{"name":"wp","href":"https:\/\/api.w.org\/{rel}","templated":true}]}}