{"id":251404,"date":"2022-09-05T16:05:25","date_gmt":"2022-09-05T13:05:25","guid":{"rendered":"http:\/\/107.6.182.27\/es\/?p=251404"},"modified":"2022-09-05T16:05:25","modified_gmt":"2022-09-05T13:05:25","slug":"siria-y-el-pnud-analizan-efectos-del-cambio-climatico-en-el-pais","status":"publish","type":"post","link":"https:\/\/archive.sana.sy\/es\/?p=251404","title":{"rendered":"Siria y el (PNUD) analizan efectos del cambio clim\u00e1tico en el pa\u00eds"},"content":{"rendered":"<p style=\"text-align: justify;\"><span style=\"color: #800000;\"><strong>Damasco, 5 sep (SANA)<\/strong> <\/span>El Ministro de Agricultura y Reforma Agraria, Mohamad Hassan Qatana, abord\u00f3 con representantes de la Oficina Regional del Programa de las Naciones Unidas para el Desarrollo (PNUD), encabezados por Dustin Shen, los efectos del cambio clim\u00e1tico en Siria.<\/p>\n<p style=\"text-align: justify;\">El ministro Qatna destac\u00f3 la importancia de determinar las prioridades para la pr\u00f3xima etapa e implementar proyectos a nivel regional para garantizar un beneficio real y sostenible, y recalc\u00f3 la necesidad de cooperaci\u00f3n en la gesti\u00f3n del cambio clim\u00e1tico y presentar proyectos adecuados para Siria de acuerdo con la visi\u00f3n de expertos internacionales.<\/p>\n<p style=\"text-align: justify;\">Qatana explic\u00f3 que se deben determinar las zonas m\u00e1s afectadas y la forma de intervenci\u00f3n, teniendo en cuenta las caracter\u00edsticas de cada zona, adem\u00e1s de reactivar proyectos de reserva pastoril en la Badia, y crear un fondo para financiar y enfrentar el cambio clim\u00e1tico.<\/p>\n<p style=\"text-align: justify;\">Por su parte, Shen indic\u00f3 que la organizaci\u00f3n se encamina a apoyar a las comunidades m\u00e1s vulnerables que han sido sometidas a grandes da\u00f1os como consecuencia de los cambios clim\u00e1ticos, subrayando la importancia de la consulta para establecer las prioridades de los proyectos a implementar en la siguiente etapa.<\/p>\n<p>mm<\/p>\n","protected":false},"excerpt":{"rendered":"<p>Damasco, 5 sep (SANA) El Ministro de Agricultura y Reforma Agraria, Mohamad Hassan Qatana, abord\u00f3 con representantes de la Oficina Regional del Programa de las Naciones Unidas para el Desarrollo (PNUD), encabezados por Dustin Shen, los efectos del cambio clim\u00e1tico en Siria. El ministro Qatna destac\u00f3 la importancia de determinar las prioridades para la pr\u00f3xima &hellip;<\/p>\n","protected":false},"author":36,"featured_media":251405,"comment_status":"closed","ping_status":"closed","sticky":false,"template":"","format":"standard","meta":{"footnotes":""},"categories":[597,20724,467,7541],"tags":[],"class_list":["post-251404","post","type-post","status-publish","format-standard","has-post-thumbnail","","category-cinta-de-noticias","category-minuto-a-minuto","category-siria-y-el-mundo","category-ultimas-noticias"],"_links":{"self":[{"href":"https:\/\/archive.sana.sy\/es\/index.php?rest_route=\/wp\/v2\/posts\/251404"}],"collection":[{"href":"https:\/\/archive.sana.sy\/es\/index.php?rest_route=\/wp\/v2\/posts"}],"about":[{"href":"https:\/\/archive.sana.sy\/es\/index.php?rest_route=\/wp\/v2\/types\/post"}],"author":[{"embeddable":true,"href":"https:\/\/archive.sana.sy\/es\/index.php?rest_route=\/wp\/v2\/users\/36"}],"replies":[{"embeddable":true,"href":"https:\/\/archive.sana.sy\/es\/index.php?rest_route=%2Fwp%2Fv2%2Fcomments&post=251404"}],"version-history":[{"count":0,"href":"https:\/\/archive.sana.sy\/es\/index.php?rest_route=\/wp\/v2\/posts\/251404\/revisions"}],"wp:featuredmedia":[{"embeddable":true,"href":"https:\/\/archive.sana.sy\/es\/index.php?rest_route=\/wp\/v2\/media\/251405"}],"wp:attachment":[{"href":"https:\/\/archive.sana.sy\/es\/index.php?rest_route=%2Fwp%2Fv2%2Fmedia&parent=251404"}],"wp:term":[{"taxonomy":"category","embeddable":true,"href":"https:\/\/archive.sana.sy\/es\/index.php?rest_route=%2Fwp%2Fv2%2Fcategories&post=251404"},{"taxonomy":"post_tag","embeddable":true,"href":"https:\/\/archive.sana.sy\/es\/index.php?rest_route=%2Fwp%2Fv2%2Ftags&post=251404"}],"curies":[{"name":"wp","href":"https:\/\/api.w.org\/{rel}","templated":true}]}}