{"id":251477,"date":"2022-09-06T06:18:47","date_gmt":"2022-09-06T03:18:47","guid":{"rendered":"http:\/\/107.6.182.27\/es\/?p=251477"},"modified":"2023-01-10T15:53:39","modified_gmt":"2023-01-10T13:53:39","slug":"numero-record-de-suicidios-en-una-instalacion-militar-de-ee-uu","status":"publish","type":"post","link":"https:\/\/archive.sana.sy\/es\/?p=251477","title":{"rendered":"N\u00famero r\u00e9cord de suicidios en una instalaci\u00f3n militar de EE.UU."},"content":{"rendered":"<p style=\"text-align: justify;\"><span style=\"color: #800000;\"><strong>Washington, 6 sep (SANA)<\/strong> <\/span>Informes citados por la revista Rolling Stone indicaron que al menos 109 soldados de la base estadounidense de Fort Bragg (Carolina del Norte) perdieron la vida entre 2020 y 2021, siendo el suicidio la principal causa de muerte entre los efectivos.<\/p>\n<p style=\"text-align: justify;\">El medio informa que en dicho periodo 41 soldados se quitaron la vida en la base militar, la cifra m\u00e1s alta de suicidios ocurridos en dos a\u00f1os en la historia del Ej\u00e9rcito estadounidense.<\/p>\n<p style=\"text-align: justify;\">Del mismo modo, el consumo de drogas ha sido un importante factor en el n\u00famero de muertes documentadas en Fort Bragg. Seg\u00fan se\u00f1ala la publicaci\u00f3n, 14 de los informes de bajas declaran expl\u00edcitamente que el soldado muri\u00f3 por una sobredosis de drogas, 11 de ellos a causa del fentanilo.<\/p>\n<p style=\"text-align: justify;\">fm<\/p>\n<p style=\"text-align: justify;\">\n","protected":false},"excerpt":{"rendered":"<p>Washington, 6 sep (SANA) Informes citados por la revista Rolling Stone indicaron que al menos 109 soldados de la base estadounidense de Fort Bragg (Carolina del Norte) perdieron la vida entre 2020 y 2021, siendo el suicidio la principal causa de muerte entre los efectivos. El medio informa que en dicho periodo 41 soldados se &hellip;<\/p>\n","protected":false},"author":34,"featured_media":251478,"comment_status":"closed","ping_status":"closed","sticky":false,"template":"","format":"standard","meta":{"footnotes":""},"categories":[597,456,20724,7541],"tags":[],"class_list":["post-251477","post","type-post","status-publish","format-standard","has-post-thumbnail","","category-cinta-de-noticias","category-arabe-internacional-politica","category-minuto-a-minuto","category-ultimas-noticias"],"_links":{"self":[{"href":"https:\/\/archive.sana.sy\/es\/index.php?rest_route=\/wp\/v2\/posts\/251477"}],"collection":[{"href":"https:\/\/archive.sana.sy\/es\/index.php?rest_route=\/wp\/v2\/posts"}],"about":[{"href":"https:\/\/archive.sana.sy\/es\/index.php?rest_route=\/wp\/v2\/types\/post"}],"author":[{"embeddable":true,"href":"https:\/\/archive.sana.sy\/es\/index.php?rest_route=\/wp\/v2\/users\/34"}],"replies":[{"embeddable":true,"href":"https:\/\/archive.sana.sy\/es\/index.php?rest_route=%2Fwp%2Fv2%2Fcomments&post=251477"}],"version-history":[{"count":0,"href":"https:\/\/archive.sana.sy\/es\/index.php?rest_route=\/wp\/v2\/posts\/251477\/revisions"}],"wp:featuredmedia":[{"embeddable":true,"href":"https:\/\/archive.sana.sy\/es\/index.php?rest_route=\/wp\/v2\/media\/251478"}],"wp:attachment":[{"href":"https:\/\/archive.sana.sy\/es\/index.php?rest_route=%2Fwp%2Fv2%2Fmedia&parent=251477"}],"wp:term":[{"taxonomy":"category","embeddable":true,"href":"https:\/\/archive.sana.sy\/es\/index.php?rest_route=%2Fwp%2Fv2%2Fcategories&post=251477"},{"taxonomy":"post_tag","embeddable":true,"href":"https:\/\/archive.sana.sy\/es\/index.php?rest_route=%2Fwp%2Fv2%2Ftags&post=251477"}],"curies":[{"name":"wp","href":"https:\/\/api.w.org\/{rel}","templated":true}]}}