{"id":251584,"date":"2022-09-06T18:14:45","date_gmt":"2022-09-06T15:14:45","guid":{"rendered":"http:\/\/107.6.182.27\/es\/?p=251584"},"modified":"2023-01-10T14:02:54","modified_gmt":"2023-01-10T12:02:54","slug":"asesora-especial-de-la-presidencia-se-reune-con-una-delegacion-de-la-asociacion-de-venecia-para-la-amistad-arabe-italiana","status":"publish","type":"post","link":"https:\/\/archive.sana.sy\/es\/?p=251584","title":{"rendered":"Asesora especial de la Presidencia se re\u00fane con una delegaci\u00f3n de la Asociaci\u00f3n de Venecia para la Amistad \u00c1rabe-Italiana"},"content":{"rendered":"<p style=\"text-align: justify\"><span style=\"color: #800000\"><strong>Damasco, 06 sep (SANA)<\/strong><\/span> La asesora especial de la Presidencia de la Rep\u00fablica, Buthaina Shaaban, abord\u00f3 hoy con la delegaci\u00f3n de la Asociaci\u00f3n de Venecia para la Amistad \u00c1rabe-Italiana las v\u00edas de mejorar la cooperaci\u00f3n y el intercambio cultural entre los dos pa\u00edses.<\/p>\n<p style=\"text-align: justify\">Los integrantes de la delegaci\u00f3n encabezada por Paolo Casillo, presidente de la entidad, presentaron un conjunto de proyectos culturales destinados a tender puentes y reforzar las relaciones binacionales mediante la cultura, entre los cuales un proyecto para revitalizar el h\u00e1bito de lectura en los ni\u00f1os.<\/p>\n<p style=\"text-align: justify\">Dra. Shaaban enfatiz\u00f3 que el esquema occidental para socavar las civilizaciones y culturas no apunta solo a Siria, sino a todos los pa\u00edses del mundo y tiene por objetivo mantener la dominaci\u00f3n de la cultura capitalista y la del consumo.<\/p>\n<p style=\"text-align: justify\">Destac\u00f3 la importancia de la cultura en la comunicaci\u00f3n entre los pa\u00edses del mundo, y marc\u00f3 que Occidente sufre los efectos del sistema capitalista que impone pol\u00edticas que no proyectan las opiniones de su poblaci\u00f3n.<\/p>\n<p style=\"text-align: justify\">Enfatiz\u00f3 que Siria merece convertirse en un icono para el mundo en la lucha contra el sistema capitalista que arruina la identidad de los pueblos.<br \/>\n\u201cEl objetivo principal de la guerra global contra Siria es destruir su identidad, ya que los terroristas destruyeron un conjunto de sitios del patrimonio hist\u00f3rico y arqueol\u00f3gico y los atacaron directamente\u201d, subray\u00f3.<\/p>\n<p style=\"text-align: justify\">Por su parte, el jefe de la delegaci\u00f3n italiana reiter\u00f3 el inter\u00e9s de su asociaci\u00f3n en blindar la comunicaci\u00f3n entre los pueblos italiano y sirio ante la ausencia del papel del gobierno italiano en este aspecto.<\/p>\n<p style=\"text-align: justify\">la<\/p>\n","protected":false},"excerpt":{"rendered":"<p>Damasco, 06 sep (SANA) La asesora especial de la Presidencia de la Rep\u00fablica, Buthaina Shaaban, abord\u00f3 hoy con la delegaci\u00f3n de la Asociaci\u00f3n de Venecia para la Amistad \u00c1rabe-Italiana las v\u00edas de mejorar la cooperaci\u00f3n y el intercambio cultural entre los dos pa\u00edses. Los integrantes de la delegaci\u00f3n encabezada por Paolo Casillo, presidente de la &hellip;<\/p>\n","protected":false},"author":24,"featured_media":251585,"comment_status":"closed","ping_status":"closed","sticky":false,"template":"","format":"standard","meta":{"footnotes":""},"categories":[447,597,20724,467,7541],"tags":[],"class_list":["post-251584","post","type-post","status-publish","format-standard","has-post-thumbnail","","category-local-politica","category-cinta-de-noticias","category-minuto-a-minuto","category-siria-y-el-mundo","category-ultimas-noticias"],"_links":{"self":[{"href":"https:\/\/archive.sana.sy\/es\/index.php?rest_route=\/wp\/v2\/posts\/251584"}],"collection":[{"href":"https:\/\/archive.sana.sy\/es\/index.php?rest_route=\/wp\/v2\/posts"}],"about":[{"href":"https:\/\/archive.sana.sy\/es\/index.php?rest_route=\/wp\/v2\/types\/post"}],"author":[{"embeddable":true,"href":"https:\/\/archive.sana.sy\/es\/index.php?rest_route=\/wp\/v2\/users\/24"}],"replies":[{"embeddable":true,"href":"https:\/\/archive.sana.sy\/es\/index.php?rest_route=%2Fwp%2Fv2%2Fcomments&post=251584"}],"version-history":[{"count":0,"href":"https:\/\/archive.sana.sy\/es\/index.php?rest_route=\/wp\/v2\/posts\/251584\/revisions"}],"wp:featuredmedia":[{"embeddable":true,"href":"https:\/\/archive.sana.sy\/es\/index.php?rest_route=\/wp\/v2\/media\/251585"}],"wp:attachment":[{"href":"https:\/\/archive.sana.sy\/es\/index.php?rest_route=%2Fwp%2Fv2%2Fmedia&parent=251584"}],"wp:term":[{"taxonomy":"category","embeddable":true,"href":"https:\/\/archive.sana.sy\/es\/index.php?rest_route=%2Fwp%2Fv2%2Fcategories&post=251584"},{"taxonomy":"post_tag","embeddable":true,"href":"https:\/\/archive.sana.sy\/es\/index.php?rest_route=%2Fwp%2Fv2%2Ftags&post=251584"}],"curies":[{"name":"wp","href":"https:\/\/api.w.org\/{rel}","templated":true}]}}