{"id":251588,"date":"2022-09-06T18:43:08","date_gmt":"2022-09-06T15:43:08","guid":{"rendered":"http:\/\/107.6.182.27\/es\/?p=251588"},"modified":"2023-01-10T14:02:54","modified_gmt":"2023-01-10T12:02:54","slug":"muere-un-civil-tras-explosion-de-una-mina-dejada-por-terroristas-de-daesh-en-palmira-homs","status":"publish","type":"post","link":"https:\/\/archive.sana.sy\/es\/?p=251588","title":{"rendered":"Muere un civil tras explosi\u00f3n de una mina dejada por terroristas de DAESH en Palmira-Homs"},"content":{"rendered":"<p><span style=\"color: #800000\"><strong>Homs, 06 sep (SANA)<\/strong> <\/span>Un pastor perdi\u00f3 la vida en el \u00e1rea de al-Biyarat Al-Gharbiyat en Palmira tras la explosi\u00f3n de una mina terrestre abandonada por la organizaci\u00f3n terrorista de DAESH.<\/p>\n<p>El personal del Hospital Nacional de Palmira brind\u00f3 los primeros auxilios necesarios al lesionado de 39 a\u00f1os antes de ser trasladado a otro hospital en Homs, inform\u00f3 Dr. Walid Odeh general del referido hospital.<\/p>\n<p>Agreg\u00f3 que el afectado falleci\u00f3 por sufrir graves heridas.<\/p>\n<p>la<\/p>\n","protected":false},"excerpt":{"rendered":"<p>Homs, 06 sep (SANA) Un pastor perdi\u00f3 la vida en el \u00e1rea de al-Biyarat Al-Gharbiyat en Palmira tras la explosi\u00f3n de una mina terrestre abandonada por la organizaci\u00f3n terrorista de DAESH. El personal del Hospital Nacional de Palmira brind\u00f3 los primeros auxilios necesarios al lesionado de 39 a\u00f1os antes de ser trasladado a otro hospital &hellip;<\/p>\n","protected":false},"author":24,"featured_media":251589,"comment_status":"closed","ping_status":"closed","sticky":false,"template":"","format":"standard","meta":{"footnotes":""},"categories":[447,597,573,20724,476,7541],"tags":[],"class_list":["post-251588","post","type-post","status-publish","format-standard","has-post-thumbnail","","category-local-politica","category-cinta-de-noticias","category-la-realidad-de-los-acontecimientos-en-siria","category-minuto-a-minuto","category-locales","category-ultimas-noticias"],"_links":{"self":[{"href":"https:\/\/archive.sana.sy\/es\/index.php?rest_route=\/wp\/v2\/posts\/251588"}],"collection":[{"href":"https:\/\/archive.sana.sy\/es\/index.php?rest_route=\/wp\/v2\/posts"}],"about":[{"href":"https:\/\/archive.sana.sy\/es\/index.php?rest_route=\/wp\/v2\/types\/post"}],"author":[{"embeddable":true,"href":"https:\/\/archive.sana.sy\/es\/index.php?rest_route=\/wp\/v2\/users\/24"}],"replies":[{"embeddable":true,"href":"https:\/\/archive.sana.sy\/es\/index.php?rest_route=%2Fwp%2Fv2%2Fcomments&post=251588"}],"version-history":[{"count":0,"href":"https:\/\/archive.sana.sy\/es\/index.php?rest_route=\/wp\/v2\/posts\/251588\/revisions"}],"wp:featuredmedia":[{"embeddable":true,"href":"https:\/\/archive.sana.sy\/es\/index.php?rest_route=\/wp\/v2\/media\/251589"}],"wp:attachment":[{"href":"https:\/\/archive.sana.sy\/es\/index.php?rest_route=%2Fwp%2Fv2%2Fmedia&parent=251588"}],"wp:term":[{"taxonomy":"category","embeddable":true,"href":"https:\/\/archive.sana.sy\/es\/index.php?rest_route=%2Fwp%2Fv2%2Fcategories&post=251588"},{"taxonomy":"post_tag","embeddable":true,"href":"https:\/\/archive.sana.sy\/es\/index.php?rest_route=%2Fwp%2Fv2%2Ftags&post=251588"}],"curies":[{"name":"wp","href":"https:\/\/api.w.org\/{rel}","templated":true}]}}