{"id":251591,"date":"2022-09-06T18:04:46","date_gmt":"2022-09-06T15:04:46","guid":{"rendered":"http:\/\/107.6.182.27\/es\/?p=251591"},"modified":"2023-01-10T14:02:54","modified_gmt":"2023-01-10T12:02:54","slug":"siria-e-iran-firman-programa-ejecutivo-del-memorando-de-entendimiento-sobre-desarrollo-administrativo-y-de-recursos-humanos","status":"publish","type":"post","link":"https:\/\/archive.sana.sy\/es\/?p=251591","title":{"rendered":"Siria e Ir\u00e1n firman un programa ejecutivo sobre desarrollo administrativo y de recursos humanos"},"content":{"rendered":"<p style=\"text-align: justify\"><span style=\"color: #800000\"><strong>Damasco, 06 sep (SANA)<\/strong><\/span> Siria e Ir\u00e1n firmaron hoy el programa ejecutivo del memorando de entendimiento conjunto suscrito en Teher\u00e1n en el pasado mes de febrero, que tiene por objetivo afianzar la cooperaci\u00f3n en el campo del desarrollo administrativo y de recursos humanos entre los dos pa\u00edses.<\/p>\n<p style=\"text-align: justify\">El mismo fue firmado hoy por la Ministra de Desarrollo Administrativo, Dra. Salam Safaf, y el Dr. Maytham Latifi, asesor del presidente de la Rep\u00fablica Isl\u00e1mica de Ir\u00e1n en la sede del ministerio sirio.<\/p>\n<p style=\"text-align: justify\">Entre las metas fijadas en el programa, la cooperaci\u00f3n en el intercambio de experiencias para desarrollar el sistema de medici\u00f3n del desempe\u00f1o administrativo e institucional y apoyar su desempe\u00f1o y en la capacitaci\u00f3n y el desarrollo del sistema de gesti\u00f3n de recursos humanos en las instituciones gubernamentales.<\/p>\n<p style=\"text-align: justify\">la<\/p>\n","protected":false},"excerpt":{"rendered":"<p>Damasco, 06 sep (SANA) Siria e Ir\u00e1n firmaron hoy el programa ejecutivo del memorando de entendimiento conjunto suscrito en Teher\u00e1n en el pasado mes de febrero, que tiene por objetivo afianzar la cooperaci\u00f3n en el campo del desarrollo administrativo y de recursos humanos entre los dos pa\u00edses. El mismo fue firmado hoy por la Ministra &hellip;<\/p>\n","protected":false},"author":24,"featured_media":251592,"comment_status":"closed","ping_status":"closed","sticky":false,"template":"","format":"standard","meta":{"footnotes":""},"categories":[447,597,20724,467,7541],"tags":[],"class_list":["post-251591","post","type-post","status-publish","format-standard","has-post-thumbnail","","category-local-politica","category-cinta-de-noticias","category-minuto-a-minuto","category-siria-y-el-mundo","category-ultimas-noticias"],"_links":{"self":[{"href":"https:\/\/archive.sana.sy\/es\/index.php?rest_route=\/wp\/v2\/posts\/251591"}],"collection":[{"href":"https:\/\/archive.sana.sy\/es\/index.php?rest_route=\/wp\/v2\/posts"}],"about":[{"href":"https:\/\/archive.sana.sy\/es\/index.php?rest_route=\/wp\/v2\/types\/post"}],"author":[{"embeddable":true,"href":"https:\/\/archive.sana.sy\/es\/index.php?rest_route=\/wp\/v2\/users\/24"}],"replies":[{"embeddable":true,"href":"https:\/\/archive.sana.sy\/es\/index.php?rest_route=%2Fwp%2Fv2%2Fcomments&post=251591"}],"version-history":[{"count":0,"href":"https:\/\/archive.sana.sy\/es\/index.php?rest_route=\/wp\/v2\/posts\/251591\/revisions"}],"wp:featuredmedia":[{"embeddable":true,"href":"https:\/\/archive.sana.sy\/es\/index.php?rest_route=\/wp\/v2\/media\/251592"}],"wp:attachment":[{"href":"https:\/\/archive.sana.sy\/es\/index.php?rest_route=%2Fwp%2Fv2%2Fmedia&parent=251591"}],"wp:term":[{"taxonomy":"category","embeddable":true,"href":"https:\/\/archive.sana.sy\/es\/index.php?rest_route=%2Fwp%2Fv2%2Fcategories&post=251591"},{"taxonomy":"post_tag","embeddable":true,"href":"https:\/\/archive.sana.sy\/es\/index.php?rest_route=%2Fwp%2Fv2%2Ftags&post=251591"}],"curies":[{"name":"wp","href":"https:\/\/api.w.org\/{rel}","templated":true}]}}