{"id":251622,"date":"2022-09-06T21:29:31","date_gmt":"2022-09-06T18:29:31","guid":{"rendered":"http:\/\/107.6.182.27\/es\/?p=251622"},"modified":"2022-09-06T21:38:49","modified_gmt":"2022-09-06T18:38:49","slug":"brutal-agresion-israeli-deja-fuera-de-servicio-al-aeropuerto-internacional-de-alepo-siria","status":"publish","type":"post","link":"https:\/\/archive.sana.sy\/es\/?p=251622","title":{"rendered":"Brutal agresi\u00f3n israel\u00ed deja fuera de servicio al Aeropuerto Internacional de Alepo\/Siria"},"content":{"rendered":"<p style=\"text-align: justify;\"><span style=\"color: #800000;\"><strong>Alepo, 6 sep (SANA)<\/strong><\/span> Una fuente militar siria inform\u00f3 hoy que \u201calrededor de las 20:16 am, el enemigo israel\u00ed atac\u00f3 con misiles el Aeropuerto Internacional de Alepo\u201d.<\/p>\n<p style=\"text-align: justify;\">La fuente detall\u00f3 que la agresi\u00f3n se realiz\u00f3 desde la direcci\u00f3n del Mediterr\u00e1neo al oeste de la ciudad de Latakia.<\/p>\n<p style=\"text-align: justify;\">El ataque, seg\u00fan la fuente, ocasion\u00f3 p\u00e9rdidas materiales en la pista de aterrizaje del aeropuerto y provoc\u00f3 su salida de servicio.<\/p>\n<p style=\"text-align: justify;\">El pasado 31 de agosto, el enemigo israel\u00ed agredi\u00f3 el mismo aeropuerto, donde los da\u00f1os se limitaron a p\u00e9rdidas materiales.<\/p>\n<p style=\"text-align: justify;\">Siria inst\u00f3 \u00faltimamente a las Naciones Unidas y al Consejo de Seguridad a emitir una condena clara y expl\u00edcita a las agresiones israel\u00edes contra su territorio por constituir una violaci\u00f3n deliberada de la soberan\u00eda de un Estado miembro de las Naciones Unidas.<\/p>\n<p style=\"text-align: justify;\">Denunci\u00f3 que las autoridades de ocupaci\u00f3n israel\u00edes est\u00e1n decididas a aumentar el nivel de amenazas a la paz y la seguridad regional e internacional, y abrir la puerta de par en par a m\u00e1s tensi\u00f3n, escalada y caos en la regi\u00f3n.<\/p>\n<p>mm\/fm<\/p>\n<p style=\"text-align: justify;\">\n","protected":false},"excerpt":{"rendered":"<p>Alepo, 6 sep (SANA) Una fuente militar siria inform\u00f3 hoy que \u201calrededor de las 20:16 am, el enemigo israel\u00ed atac\u00f3 con misiles el Aeropuerto Internacional de Alepo\u201d. La fuente detall\u00f3 que la agresi\u00f3n se realiz\u00f3 desde la direcci\u00f3n del Mediterr\u00e1neo al oeste de la ciudad de Latakia. El ataque, seg\u00fan la fuente, ocasion\u00f3 p\u00e9rdidas materiales &hellip;<\/p>\n","protected":false},"author":36,"featured_media":251627,"comment_status":"closed","ping_status":"closed","sticky":false,"template":"","format":"standard","meta":{"footnotes":""},"categories":[477,597,573,20724,476,583],"tags":[],"class_list":["post-251622","post","type-post","status-publish","format-standard","has-post-thumbnail","","category-noticias-edulcorantes","category-cinta-de-noticias","category-la-realidad-de-los-acontecimientos-en-siria","category-minuto-a-minuto","category-locales","category-slide"],"_links":{"self":[{"href":"https:\/\/archive.sana.sy\/es\/index.php?rest_route=\/wp\/v2\/posts\/251622"}],"collection":[{"href":"https:\/\/archive.sana.sy\/es\/index.php?rest_route=\/wp\/v2\/posts"}],"about":[{"href":"https:\/\/archive.sana.sy\/es\/index.php?rest_route=\/wp\/v2\/types\/post"}],"author":[{"embeddable":true,"href":"https:\/\/archive.sana.sy\/es\/index.php?rest_route=\/wp\/v2\/users\/36"}],"replies":[{"embeddable":true,"href":"https:\/\/archive.sana.sy\/es\/index.php?rest_route=%2Fwp%2Fv2%2Fcomments&post=251622"}],"version-history":[{"count":0,"href":"https:\/\/archive.sana.sy\/es\/index.php?rest_route=\/wp\/v2\/posts\/251622\/revisions"}],"wp:featuredmedia":[{"embeddable":true,"href":"https:\/\/archive.sana.sy\/es\/index.php?rest_route=\/wp\/v2\/media\/251627"}],"wp:attachment":[{"href":"https:\/\/archive.sana.sy\/es\/index.php?rest_route=%2Fwp%2Fv2%2Fmedia&parent=251622"}],"wp:term":[{"taxonomy":"category","embeddable":true,"href":"https:\/\/archive.sana.sy\/es\/index.php?rest_route=%2Fwp%2Fv2%2Fcategories&post=251622"},{"taxonomy":"post_tag","embeddable":true,"href":"https:\/\/archive.sana.sy\/es\/index.php?rest_route=%2Fwp%2Fv2%2Ftags&post=251622"}],"curies":[{"name":"wp","href":"https:\/\/api.w.org\/{rel}","templated":true}]}}