{"id":251646,"date":"2022-09-07T08:37:22","date_gmt":"2022-09-07T05:37:22","guid":{"rendered":"http:\/\/107.6.182.27\/es\/?p=251646"},"modified":"2023-01-10T15:53:35","modified_gmt":"2023-01-10T13:53:35","slug":"en-suiza-si-sobrecalientas-tu-casa-podrias-ser-encarcelados-hasta-3-anos","status":"publish","type":"post","link":"https:\/\/archive.sana.sy\/es\/?p=251646","title":{"rendered":"En Suiza, si sobrecalientas tu casa podr\u00edas ser encarcelados hasta 3 a\u00f1os"},"content":{"rendered":"<p style=\"text-align: justify;\"><span style=\"color: #800000;\"><strong>Berna, 7 sep (SANA)\u00a0<\/strong><\/span> Debido a la crisis energ\u00e9tica provocada por las sanciones contra Rusia, el Gobierno de Suiza estableci\u00f3 el l\u00edmite m\u00e1ximo de temperatura en las viviendas en 19 \u00baC, y los suizos que violen esta norma ser\u00e1n multados o encarcelados por hasta 3 a\u00f1os, coment\u00f3 Markus Sp\u00f6rndli, portavoz del Ministerio de Econom\u00eda.<\/p>\n<p style=\"text-align: justify;\">&#8220;Violaciones de la ley nacional de suministro siempre son delitos o incluso cr\u00edmenes en varios casos y deben ser castigados por los cantones&#8221;, dijo Sp\u00f6rndli este martes, citado por el diario suizo Blick.<\/p>\n<p style=\"text-align: justify;\">Mientras tanto, los que violen esta regla involuntariamente tambi\u00e9n ser\u00e1n castigados, pero con multas de menor cuant\u00eda.<\/p>\n<p style=\"text-align: justify;\"><em><strong>fm\/ws<\/strong><\/em><\/p>\n","protected":false},"excerpt":{"rendered":"<p>Berna, 7 sep (SANA)\u00a0 Debido a la crisis energ\u00e9tica provocada por las sanciones contra Rusia, el Gobierno de Suiza estableci\u00f3 el l\u00edmite m\u00e1ximo de temperatura en las viviendas en 19 \u00baC, y los suizos que violen esta norma ser\u00e1n multados o encarcelados por hasta 3 a\u00f1os, coment\u00f3 Markus Sp\u00f6rndli, portavoz del Ministerio de Econom\u00eda. &#8220;Violaciones &hellip;<\/p>\n","protected":false},"author":35,"featured_media":251647,"comment_status":"closed","ping_status":"closed","sticky":false,"template":"","format":"standard","meta":{"footnotes":""},"categories":[597,456,20724,457,7541],"tags":[],"class_list":["post-251646","post","type-post","status-publish","format-standard","has-post-thumbnail","","category-cinta-de-noticias","category-arabe-internacional-politica","category-minuto-a-minuto","category-noticias-arabe-internacional-politica","category-ultimas-noticias"],"_links":{"self":[{"href":"https:\/\/archive.sana.sy\/es\/index.php?rest_route=\/wp\/v2\/posts\/251646"}],"collection":[{"href":"https:\/\/archive.sana.sy\/es\/index.php?rest_route=\/wp\/v2\/posts"}],"about":[{"href":"https:\/\/archive.sana.sy\/es\/index.php?rest_route=\/wp\/v2\/types\/post"}],"author":[{"embeddable":true,"href":"https:\/\/archive.sana.sy\/es\/index.php?rest_route=\/wp\/v2\/users\/35"}],"replies":[{"embeddable":true,"href":"https:\/\/archive.sana.sy\/es\/index.php?rest_route=%2Fwp%2Fv2%2Fcomments&post=251646"}],"version-history":[{"count":0,"href":"https:\/\/archive.sana.sy\/es\/index.php?rest_route=\/wp\/v2\/posts\/251646\/revisions"}],"wp:featuredmedia":[{"embeddable":true,"href":"https:\/\/archive.sana.sy\/es\/index.php?rest_route=\/wp\/v2\/media\/251647"}],"wp:attachment":[{"href":"https:\/\/archive.sana.sy\/es\/index.php?rest_route=%2Fwp%2Fv2%2Fmedia&parent=251646"}],"wp:term":[{"taxonomy":"category","embeddable":true,"href":"https:\/\/archive.sana.sy\/es\/index.php?rest_route=%2Fwp%2Fv2%2Fcategories&post=251646"},{"taxonomy":"post_tag","embeddable":true,"href":"https:\/\/archive.sana.sy\/es\/index.php?rest_route=%2Fwp%2Fv2%2Ftags&post=251646"}],"curies":[{"name":"wp","href":"https:\/\/api.w.org\/{rel}","templated":true}]}}