{"id":25165,"date":"2015-06-16T19:00:22","date_gmt":"2015-06-16T16:00:22","guid":{"rendered":"http:\/\/www.sana.sy\/es\/?p=25165"},"modified":"2023-01-10T15:29:09","modified_gmt":"2023-01-10T13:29:09","slug":"siria-y-sudafrica-debaten-desarrollar-la-cooperacion-en-los-campos-tributario-y-aduanero","status":"publish","type":"post","link":"https:\/\/archive.sana.sy\/es\/?p=25165","title":{"rendered":"Siria y Sud\u00e1frica debaten la cooperaci\u00f3n en los campos tributario y aduanero"},"content":{"rendered":"<p><span style=\"color: #800000\">Damasco, SANA<\/span><\/p>\n<p>El ministro de Hacienda, Ismael Ismael examin\u00f3 este martes con el embajador de Sud\u00e1frica en Damasco, Shaun Byneveldt la cooperaci\u00f3n bilateral en los campos tributarios y aduaneros.<\/p>\n<p>Ambas partes se pusieron de acuerdo sobre la necesidad de llevar a cabo el convenio de doble imposici\u00f3n rubricado en 2007 entre Siria y Sud\u00e1frica, as\u00ed como de complementar los tr\u00e1mites de la firma del acuerdo de cooperaci\u00f3n en materia de la administraci\u00f3n y la ayuda mutua en el \u00e1mbito tributario.<\/p>\n<p>El ministro Ismael llam\u00f3 a desarrollar la cooperaci\u00f3n bilateral en los campos financiero y aduanero, por su influencia sobre las relaciones econ\u00f3micas y de inversi\u00f3n entre ambos pa\u00edses.<\/p>\n<p>Por su parte, el jefe de la misi\u00f3n diplom\u00e1tica de Sud\u00e1frica en Damasco revel\u00f3 que una delegaci\u00f3n sudafricana de alto rango tiene previsto visitar a Damasco para debatir las v\u00edas de consolidar la cooperaci\u00f3n bilateral en los susodichos \u00e1mbitos.<\/p>\n<p>&nbsp;<\/p>\n<p>Lynn A.<\/p>\n","protected":false},"excerpt":{"rendered":"<p>Damasco, SANA El ministro de Hacienda, Ismael Ismael examin\u00f3 este martes con el embajador de Sud\u00e1frica en Damasco, Shaun Byneveldt la cooperaci\u00f3n bilateral en los campos tributarios y aduaneros. Ambas partes se pusieron de acuerdo sobre la necesidad de llevar a cabo el convenio de doble imposici\u00f3n rubricado en 2007 entre Siria y Sud\u00e1frica, as\u00ed &hellip;<\/p>\n","protected":false},"author":24,"featured_media":18976,"comment_status":"closed","ping_status":"closed","sticky":false,"template":"","format":"standard","meta":{"footnotes":""},"categories":[447,485],"tags":[5658],"class_list":["post-25165","post","type-post","status-publish","format-standard","has-post-thumbnail","","category-local-politica","category-informes-negocios-y-finanzas","tag-siria-y-sudafrica-debaten-desarrollar-la-cooperacion-en-los-campos-tributario-y-aduanero"],"_links":{"self":[{"href":"https:\/\/archive.sana.sy\/es\/index.php?rest_route=\/wp\/v2\/posts\/25165"}],"collection":[{"href":"https:\/\/archive.sana.sy\/es\/index.php?rest_route=\/wp\/v2\/posts"}],"about":[{"href":"https:\/\/archive.sana.sy\/es\/index.php?rest_route=\/wp\/v2\/types\/post"}],"author":[{"embeddable":true,"href":"https:\/\/archive.sana.sy\/es\/index.php?rest_route=\/wp\/v2\/users\/24"}],"replies":[{"embeddable":true,"href":"https:\/\/archive.sana.sy\/es\/index.php?rest_route=%2Fwp%2Fv2%2Fcomments&post=25165"}],"version-history":[{"count":0,"href":"https:\/\/archive.sana.sy\/es\/index.php?rest_route=\/wp\/v2\/posts\/25165\/revisions"}],"wp:featuredmedia":[{"embeddable":true,"href":"https:\/\/archive.sana.sy\/es\/index.php?rest_route=\/wp\/v2\/media\/18976"}],"wp:attachment":[{"href":"https:\/\/archive.sana.sy\/es\/index.php?rest_route=%2Fwp%2Fv2%2Fmedia&parent=25165"}],"wp:term":[{"taxonomy":"category","embeddable":true,"href":"https:\/\/archive.sana.sy\/es\/index.php?rest_route=%2Fwp%2Fv2%2Fcategories&post=25165"},{"taxonomy":"post_tag","embeddable":true,"href":"https:\/\/archive.sana.sy\/es\/index.php?rest_route=%2Fwp%2Fv2%2Ftags&post=25165"}],"curies":[{"name":"wp","href":"https:\/\/api.w.org\/{rel}","templated":true}]}}