{"id":251652,"date":"2022-09-07T08:55:41","date_gmt":"2022-09-07T05:55:41","guid":{"rendered":"http:\/\/107.6.182.27\/es\/?p=251652"},"modified":"2023-01-10T15:53:35","modified_gmt":"2023-01-10T13:53:35","slug":"encuesta-la-mayoria-de-los-estadounidenses-consideran-que-biden-divide-la-sociedad-y-consagra-la-polarizacion","status":"publish","type":"post","link":"https:\/\/archive.sana.sy\/es\/?p=251652","title":{"rendered":"Encuesta: La mayor\u00eda de los estadounidenses consideran que Biden divide la sociedad y consagra la polarizaci\u00f3n"},"content":{"rendered":"<p style=\"text-align: justify;\"><span style=\"color: #800000;\"><strong>Washington, 7 sep (SANA)\u00a0<\/strong> <\/span>M\u00e1s de la mitad de los estadounidenses consideran que el discurso del presidente Joe Biden contra Donald Trump es peligroso e incide en la polarizaci\u00f3n que se vive en Estados Unidos, de acuerdo con una encuesta realizada por la consultora Trafalgar Group, citada por la agencia Sputnik.<\/p>\n<p style=\"text-align: justify;\">Al preguntar a los encuestados qu\u00e9 pensaban de las palabras pronunciadas por el mandatario dem\u00f3crata el pasado 2 de septiembre, en el que calific\u00f3 a Trump y sus seguidores conocidos como MAGA (siglas del slogan presidencial &#8220;Make America Great Again&#8221;) como una amenaza, el 56,8% consider\u00f3 que era una &#8220;escalada peligrosa de la ret\u00f3rica dise\u00f1ada para incitar el conflicto entre los estadounidenses&#8221;.<\/p>\n<p style=\"text-align: justify;\">Al segmentar las respuestas por afiliaci\u00f3n partidista, el 89,1% de los ciudadanos que se catalogaron como republicanos respaldaron la posici\u00f3n de que Joe Biden divide m\u00e1s a la sociedad de su pa\u00eds.<\/p>\n<p style=\"text-align: justify;\">Un resultado similar se obtuvo al segmentar las respuestas por personas no partidistas, ya que el 62,4% tambi\u00e9n consider\u00f3 su discurso como polarizador.<\/p>\n<p style=\"text-align: justify;\">El sondeo se realiz\u00f3 entre el 2 y el 5 de septiembre, en una muestra de 1.084 adultos de entre 18 y 65 a\u00f1os, con un nivel de confianza del 95% y un margen de error de 2,9%.<\/p>\n<p style=\"text-align: justify;\"><strong>fm\/ws<\/strong><\/p>\n","protected":false},"excerpt":{"rendered":"<p>Washington, 7 sep (SANA)\u00a0 M\u00e1s de la mitad de los estadounidenses consideran que el discurso del presidente Joe Biden contra Donald Trump es peligroso e incide en la polarizaci\u00f3n que se vive en Estados Unidos, de acuerdo con una encuesta realizada por la consultora Trafalgar Group, citada por la agencia Sputnik. Al preguntar a los &hellip;<\/p>\n","protected":false},"author":35,"featured_media":251653,"comment_status":"closed","ping_status":"closed","sticky":false,"template":"","format":"standard","meta":{"footnotes":""},"categories":[597,456,20724,457,7541],"tags":[],"class_list":["post-251652","post","type-post","status-publish","format-standard","has-post-thumbnail","","category-cinta-de-noticias","category-arabe-internacional-politica","category-minuto-a-minuto","category-noticias-arabe-internacional-politica","category-ultimas-noticias"],"_links":{"self":[{"href":"https:\/\/archive.sana.sy\/es\/index.php?rest_route=\/wp\/v2\/posts\/251652"}],"collection":[{"href":"https:\/\/archive.sana.sy\/es\/index.php?rest_route=\/wp\/v2\/posts"}],"about":[{"href":"https:\/\/archive.sana.sy\/es\/index.php?rest_route=\/wp\/v2\/types\/post"}],"author":[{"embeddable":true,"href":"https:\/\/archive.sana.sy\/es\/index.php?rest_route=\/wp\/v2\/users\/35"}],"replies":[{"embeddable":true,"href":"https:\/\/archive.sana.sy\/es\/index.php?rest_route=%2Fwp%2Fv2%2Fcomments&post=251652"}],"version-history":[{"count":0,"href":"https:\/\/archive.sana.sy\/es\/index.php?rest_route=\/wp\/v2\/posts\/251652\/revisions"}],"wp:featuredmedia":[{"embeddable":true,"href":"https:\/\/archive.sana.sy\/es\/index.php?rest_route=\/wp\/v2\/media\/251653"}],"wp:attachment":[{"href":"https:\/\/archive.sana.sy\/es\/index.php?rest_route=%2Fwp%2Fv2%2Fmedia&parent=251652"}],"wp:term":[{"taxonomy":"category","embeddable":true,"href":"https:\/\/archive.sana.sy\/es\/index.php?rest_route=%2Fwp%2Fv2%2Fcategories&post=251652"},{"taxonomy":"post_tag","embeddable":true,"href":"https:\/\/archive.sana.sy\/es\/index.php?rest_route=%2Fwp%2Fv2%2Ftags&post=251652"}],"curies":[{"name":"wp","href":"https:\/\/api.w.org\/{rel}","templated":true}]}}